{"id":978,"date":"2019-09-18T18:04:10","date_gmt":"2019-09-18T18:04:10","guid":{"rendered":"http:\/\/fotokreis-siegen.de\/?p=978"},"modified":"2019-09-18T18:04:12","modified_gmt":"2019-09-18T18:04:12","slug":"bdm-color-vom-13-september","status":"publish","type":"post","link":"https:\/\/fotokreis-siegen.de\/?p=978","title":{"rendered":"BDM Color vom 13. September"},"content":{"rendered":"\n<div class=\"wp-block-image\"><figure class=\"aligncenter is-resized\"><img fetchpriority=\"high\" decoding=\"async\" src=\"http:\/\/fotokreis-siegen.de\/wp-content\/uploads\/2019\/09\/Gelbblau-739x1024.jpg\" alt=\"\" class=\"wp-image-973\" width=\"554\" height=\"768\" srcset=\"https:\/\/fotokreis-siegen.de\/wp-content\/uploads\/2019\/09\/Gelbblau-739x1024.jpg 739w, https:\/\/fotokreis-siegen.de\/wp-content\/uploads\/2019\/09\/Gelbblau-217x300.jpg 217w, https:\/\/fotokreis-siegen.de\/wp-content\/uploads\/2019\/09\/Gelbblau-768x1064.jpg 768w, https:\/\/fotokreis-siegen.de\/wp-content\/uploads\/2019\/09\/Gelbblau-1109x1536.jpg 1109w, https:\/\/fotokreis-siegen.de\/wp-content\/uploads\/2019\/09\/Gelbblau-1479x2048.jpg 1479w, https:\/\/fotokreis-siegen.de\/wp-content\/uploads\/2019\/09\/Gelbblau-830x1150.jpg 830w, https:\/\/fotokreis-siegen.de\/wp-content\/uploads\/2019\/09\/Gelbblau-230x319.jpg 230w, https:\/\/fotokreis-siegen.de\/wp-content\/uploads\/2019\/09\/Gelbblau-350x485.jpg 350w, https:\/\/fotokreis-siegen.de\/wp-content\/uploads\/2019\/09\/Gelbblau-480x665.jpg 480w, https:\/\/fotokreis-siegen.de\/wp-content\/uploads\/2019\/09\/Gelbblau.jpg 1535w\" sizes=\"(max-width: 554px) 100vw, 554px\" \/><figcaption>Christian Feigs &#8211; Gelbblau<\/figcaption><\/figure><\/div>\n\n\n\n<p>Mit dreizehn Mitgliedern war der Abend recht gut besucht, leider gab es nur vier Papierbilder zu bewerten. Es war wirklich keine leichte Entscheidung an diesem Abend, auch weil die Qualit\u00e4t der Beitr\u00e4ge sehr hoch war. Dies spiegelte sich nat\u00fcrlich in den Ergebnissen wieder. Nicht einmal ein ganzer Punkt, genauer gesagt 0,92 Punkt, trennten den letzten von dem ersten Platz. Der Sieger des Abends wurde Beitrag von Christian Feigs mit dem Titel \u201eGelbblau\u201c . Herzlichen Gl\u00fcckwunsch!<\/p>\n","protected":false},"excerpt":{"rendered":"<p>Mit dreizehn Mitgliedern war der Abend recht gut besucht, leider gab es nur vier Papierbilder zu bewerten. Es war wirklich keine leichte [&hellip;]<\/p>\n","protected":false},"author":2,"featured_media":0,"comment_status":"open","ping_status":"open","sticky":false,"template":"","format":"standard","meta":{"_jetpack_memberships_contains_paid_content":false,"footnotes":""},"categories":[10,3],"tags":[],"class_list":["post-978","post","type-post","status-publish","format-standard","hentry","category-bdm-color","category-bild-des-monats"],"jetpack_featured_media_url":"","jetpack_sharing_enabled":true,"_links":{"self":[{"href":"https:\/\/fotokreis-siegen.de\/index.php?rest_route=\/wp\/v2\/posts\/978","targetHints":{"allow":["GET"]}}],"collection":[{"href":"https:\/\/fotokreis-siegen.de\/index.php?rest_route=\/wp\/v2\/posts"}],"about":[{"href":"https:\/\/fotokreis-siegen.de\/index.php?rest_route=\/wp\/v2\/types\/post"}],"author":[{"embeddable":true,"href":"https:\/\/fotokreis-siegen.de\/index.php?rest_route=\/wp\/v2\/users\/2"}],"replies":[{"embeddable":true,"href":"https:\/\/fotokreis-siegen.de\/index.php?rest_route=%2Fwp%2Fv2%2Fcomments&post=978"}],"version-history":[{"count":2,"href":"https:\/\/fotokreis-siegen.de\/index.php?rest_route=\/wp\/v2\/posts\/978\/revisions"}],"predecessor-version":[{"id":980,"href":"https:\/\/fotokreis-siegen.de\/index.php?rest_route=\/wp\/v2\/posts\/978\/revisions\/980"}],"wp:attachment":[{"href":"https:\/\/fotokreis-siegen.de\/index.php?rest_route=%2Fwp%2Fv2%2Fmedia&parent=978"}],"wp:term":[{"taxonomy":"category","embeddable":true,"href":"https:\/\/fotokreis-siegen.de\/index.php?rest_route=%2Fwp%2Fv2%2Fcategories&post=978"},{"taxonomy":"post_tag","embeddable":true,"href":"https:\/\/fotokreis-siegen.de\/index.php?rest_route=%2Fwp%2Fv2%2Ftags&post=978"}],"curies":[{"name":"wp","href":"https:\/\/api.w.org\/{rel}","templated":true}]}}