{"id":957,"date":"2019-08-26T16:06:26","date_gmt":"2019-08-26T16:06:26","guid":{"rendered":"http:\/\/fotokreis-siegen.de\/?p=957"},"modified":"2019-08-26T16:07:02","modified_gmt":"2019-08-26T16:07:02","slug":"bdm-thema-geometrische-formen","status":"publish","type":"post","link":"https:\/\/fotokreis-siegen.de\/?p=957","title":{"rendered":"BDM Thema \u201eGeometrische Formen\u201c"},"content":{"rendered":"\n<div class=\"wp-block-image\"><figure class=\"aligncenter is-resized\"><img fetchpriority=\"high\" decoding=\"async\" src=\"http:\/\/fotokreis-siegen.de\/wp-content\/uploads\/2019\/08\/Spiel-des-Lichts-Harpa-1024x576.jpg\" alt=\"\" class=\"wp-image-948\" width=\"768\" height=\"432\" srcset=\"https:\/\/fotokreis-siegen.de\/wp-content\/uploads\/2019\/08\/Spiel-des-Lichts-Harpa-1024x576.jpg 1024w, https:\/\/fotokreis-siegen.de\/wp-content\/uploads\/2019\/08\/Spiel-des-Lichts-Harpa-300x169.jpg 300w, https:\/\/fotokreis-siegen.de\/wp-content\/uploads\/2019\/08\/Spiel-des-Lichts-Harpa-768x432.jpg 768w, https:\/\/fotokreis-siegen.de\/wp-content\/uploads\/2019\/08\/Spiel-des-Lichts-Harpa-1536x864.jpg 1536w, https:\/\/fotokreis-siegen.de\/wp-content\/uploads\/2019\/08\/Spiel-des-Lichts-Harpa-830x467.jpg 830w, https:\/\/fotokreis-siegen.de\/wp-content\/uploads\/2019\/08\/Spiel-des-Lichts-Harpa-230x129.jpg 230w, https:\/\/fotokreis-siegen.de\/wp-content\/uploads\/2019\/08\/Spiel-des-Lichts-Harpa-350x197.jpg 350w, https:\/\/fotokreis-siegen.de\/wp-content\/uploads\/2019\/08\/Spiel-des-Lichts-Harpa-480x270.jpg 480w, https:\/\/fotokreis-siegen.de\/wp-content\/uploads\/2019\/08\/Spiel-des-Lichts-Harpa.jpg 1920w\" sizes=\"(max-width: 768px) 100vw, 768px\" \/><figcaption>Kruno Schmidt &#8211; Spiel des Lichts [Harpa]<\/figcaption><\/figure><\/div>\n\n\n\n<p>Da Themenabende sind immer gut f\u00fcr lange Diskussionen, ob das Thema nun getroffen wurde oder nicht. So auch jetzt beim Thema \u201eGeometrische Formen\u201c. Mit immerhin elf Mitgliedern und acht Beitr\u00e4gen gab es reichlich Interpretationen zu diesem Thema. Dominiert haben dabei Beitr\u00e4ge aus dem Bereich Architektur. Ob man nun ein oder mehrere geometrische Formen beim Betrachten der jeweiligen Beitr\u00e4ge gesehen hat, war oft das Thema der Diskussionen. Nichtdestotrotz lagen die Ergebnisse recht nah beieinander. Zum Siegerbild des Abends wurde der Beitrag von Kruno Schmidt mit dem Titel \u201eSpiel des Lichts\u201c gek\u00fcrt, der an dem Abend selbst nicht anwesend war. Herzlichen Gl\u00fcckwunsch!<\/p>\n","protected":false},"excerpt":{"rendered":"<p>Da Themenabende sind immer gut f\u00fcr lange Diskussionen, ob das Thema nun getroffen wurde oder nicht. So auch jetzt beim Thema \u201eGeometrische [&hellip;]<\/p>\n","protected":false},"author":2,"featured_media":0,"comment_status":"open","ping_status":"open","sticky":false,"template":"","format":"standard","meta":{"_jetpack_memberships_contains_paid_content":false,"footnotes":""},"categories":[12],"tags":[],"class_list":["post-957","post","type-post","status-publish","format-standard","hentry","category-bdm-thema"],"jetpack_featured_media_url":"","jetpack_sharing_enabled":true,"_links":{"self":[{"href":"https:\/\/fotokreis-siegen.de\/index.php?rest_route=\/wp\/v2\/posts\/957","targetHints":{"allow":["GET"]}}],"collection":[{"href":"https:\/\/fotokreis-siegen.de\/index.php?rest_route=\/wp\/v2\/posts"}],"about":[{"href":"https:\/\/fotokreis-siegen.de\/index.php?rest_route=\/wp\/v2\/types\/post"}],"author":[{"embeddable":true,"href":"https:\/\/fotokreis-siegen.de\/index.php?rest_route=\/wp\/v2\/users\/2"}],"replies":[{"embeddable":true,"href":"https:\/\/fotokreis-siegen.de\/index.php?rest_route=%2Fwp%2Fv2%2Fcomments&post=957"}],"version-history":[{"count":1,"href":"https:\/\/fotokreis-siegen.de\/index.php?rest_route=\/wp\/v2\/posts\/957\/revisions"}],"predecessor-version":[{"id":958,"href":"https:\/\/fotokreis-siegen.de\/index.php?rest_route=\/wp\/v2\/posts\/957\/revisions\/958"}],"wp:attachment":[{"href":"https:\/\/fotokreis-siegen.de\/index.php?rest_route=%2Fwp%2Fv2%2Fmedia&parent=957"}],"wp:term":[{"taxonomy":"category","embeddable":true,"href":"https:\/\/fotokreis-siegen.de\/index.php?rest_route=%2Fwp%2Fv2%2Fcategories&post=957"},{"taxonomy":"post_tag","embeddable":true,"href":"https:\/\/fotokreis-siegen.de\/index.php?rest_route=%2Fwp%2Fv2%2Ftags&post=957"}],"curies":[{"name":"wp","href":"https:\/\/api.w.org\/{rel}","templated":true}]}}