{"id":936,"date":"2019-08-13T18:46:02","date_gmt":"2019-08-13T18:46:02","guid":{"rendered":"http:\/\/fotokreis-siegen.de\/?p=936"},"modified":"2019-08-26T15:48:21","modified_gmt":"2019-08-26T15:48:21","slug":"bdm-color-vom-09-august","status":"publish","type":"post","link":"https:\/\/fotokreis-siegen.de\/?p=936","title":{"rendered":"BDM Color vom 09. August"},"content":{"rendered":"\n<p>Neun Mitglieder fanden den Weg an diesem Abend zu den Vereinsr\u00e4umen, davon ein Neumitglied, der f\u00fcr eine kleine Sensation an diesem Abend sorgte. Zur Bewertung hingen f\u00fcnf Papierbeitr\u00e4ge an der Wand. An kritischen aber konstruktiven Kommentaren mangelte es an diesem Abend nicht. Auch bei der Punktvergabe ging es, wie zuletzt immer, recht eng zu. Und jetzt zu der kleinen Sensation: Unser neues Vereinsmitglied Ann-Katrin Weinrich, nicht einmal eine Stunde im Club, erreichte mit 6,67 Punkten den ersten Rang und wurde somit zum Sieger des Abends. Herzlichen Gl\u00fcckwunsch!<\/p>\n","protected":false},"excerpt":{"rendered":"<p>Neun Mitglieder fanden den Weg an diesem Abend zu den Vereinsr\u00e4umen, davon ein Neumitglied, der f\u00fcr eine kleine Sensation an diesem Abend [&hellip;]<\/p>\n","protected":false},"author":2,"featured_media":0,"comment_status":"open","ping_status":"open","sticky":false,"template":"","format":"standard","meta":{"_jetpack_memberships_contains_paid_content":false,"footnotes":""},"categories":[10,3],"tags":[],"class_list":["post-936","post","type-post","status-publish","format-standard","hentry","category-bdm-color","category-bild-des-monats"],"jetpack_featured_media_url":"","jetpack_sharing_enabled":true,"_links":{"self":[{"href":"https:\/\/fotokreis-siegen.de\/index.php?rest_route=\/wp\/v2\/posts\/936","targetHints":{"allow":["GET"]}}],"collection":[{"href":"https:\/\/fotokreis-siegen.de\/index.php?rest_route=\/wp\/v2\/posts"}],"about":[{"href":"https:\/\/fotokreis-siegen.de\/index.php?rest_route=\/wp\/v2\/types\/post"}],"author":[{"embeddable":true,"href":"https:\/\/fotokreis-siegen.de\/index.php?rest_route=\/wp\/v2\/users\/2"}],"replies":[{"embeddable":true,"href":"https:\/\/fotokreis-siegen.de\/index.php?rest_route=%2Fwp%2Fv2%2Fcomments&post=936"}],"version-history":[{"count":4,"href":"https:\/\/fotokreis-siegen.de\/index.php?rest_route=\/wp\/v2\/posts\/936\/revisions"}],"predecessor-version":[{"id":956,"href":"https:\/\/fotokreis-siegen.de\/index.php?rest_route=\/wp\/v2\/posts\/936\/revisions\/956"}],"wp:attachment":[{"href":"https:\/\/fotokreis-siegen.de\/index.php?rest_route=%2Fwp%2Fv2%2Fmedia&parent=936"}],"wp:term":[{"taxonomy":"category","embeddable":true,"href":"https:\/\/fotokreis-siegen.de\/index.php?rest_route=%2Fwp%2Fv2%2Fcategories&post=936"},{"taxonomy":"post_tag","embeddable":true,"href":"https:\/\/fotokreis-siegen.de\/index.php?rest_route=%2Fwp%2Fv2%2Ftags&post=936"}],"curies":[{"name":"wp","href":"https:\/\/api.w.org\/{rel}","templated":true}]}}