{"id":931,"date":"2019-08-04T19:21:39","date_gmt":"2019-08-04T19:21:39","guid":{"rendered":"http:\/\/fotokreis-siegen.de\/?p=931"},"modified":"2019-08-04T19:21:40","modified_gmt":"2019-08-04T19:21:40","slug":"bdm-projektion-02-august","status":"publish","type":"post","link":"https:\/\/fotokreis-siegen.de\/?p=931","title":{"rendered":"BDM Projektion 02. August"},"content":{"rendered":"\n<div class=\"wp-block-image\"><figure class=\"aligncenter is-resized\"><img fetchpriority=\"high\" decoding=\"async\" src=\"http:\/\/fotokreis-siegen.de\/wp-content\/uploads\/2019\/08\/Clouds_over_Faeroeer-1024x683.jpg\" alt=\"Clouds over F\u00e4r\u00f6er\" class=\"wp-image-926\" width=\"512\" height=\"342\" srcset=\"https:\/\/fotokreis-siegen.de\/wp-content\/uploads\/2019\/08\/Clouds_over_Faeroeer-1024x683.jpg 1024w, https:\/\/fotokreis-siegen.de\/wp-content\/uploads\/2019\/08\/Clouds_over_Faeroeer-300x200.jpg 300w, https:\/\/fotokreis-siegen.de\/wp-content\/uploads\/2019\/08\/Clouds_over_Faeroeer-768x512.jpg 768w, https:\/\/fotokreis-siegen.de\/wp-content\/uploads\/2019\/08\/Clouds_over_Faeroeer-1536x1024.jpg 1536w, https:\/\/fotokreis-siegen.de\/wp-content\/uploads\/2019\/08\/Clouds_over_Faeroeer-830x553.jpg 830w, https:\/\/fotokreis-siegen.de\/wp-content\/uploads\/2019\/08\/Clouds_over_Faeroeer-230x153.jpg 230w, https:\/\/fotokreis-siegen.de\/wp-content\/uploads\/2019\/08\/Clouds_over_Faeroeer-350x233.jpg 350w, https:\/\/fotokreis-siegen.de\/wp-content\/uploads\/2019\/08\/Clouds_over_Faeroeer-480x320.jpg 480w, https:\/\/fotokreis-siegen.de\/wp-content\/uploads\/2019\/08\/Clouds_over_Faeroeer.jpg 1620w\" sizes=\"(max-width: 512px) 100vw, 512px\" \/><figcaption>Kruno Schmidt &#8211; Clouds over F\u00e4r\u00f6er<\/figcaption><\/figure><\/div>\n\n\n\n<p>Trotz Urlaubszeit wurde es mit vierzehn Mitgliedern und einem Gast, der uns zum zweiten mal besuchte, recht eng in unserem Clubraum. Auch die zw\u00f6lf digitalen Beitr\u00e4ge sorgten f\u00fcr einen unterhaltsamen Abend. Nach einer kurzen Meinungsaustausch \u00fcber die abgelaufene Bilderausstellung im Rathaus Hilchenbach, ging es an die Bewertung der zahlreichen Bildbeitr\u00e4ge. Bei den Motiven gab es, wie immer bei Projektionen, ein weites Themenspektrum. Insgesamt ging es bei den Bewertungen wieder einmal sehr eng zu. Sieger des Abends wurde Kruno Schmidt mit seinem Beitrag \u201eClouds over F\u00e4r\u00f6er\u201c. Herzlichen Gl\u00fcckwunsch!<\/p>\n","protected":false},"excerpt":{"rendered":"<p>Trotz Urlaubszeit wurde es mit vierzehn Mitgliedern und einem Gast, der uns zum zweiten mal besuchte, recht eng in unserem Clubraum. Auch [&hellip;]<\/p>\n","protected":false},"author":2,"featured_media":0,"comment_status":"open","ping_status":"open","sticky":false,"template":"","format":"standard","meta":{"_jetpack_memberships_contains_paid_content":false,"footnotes":""},"categories":[17,3],"tags":[],"class_list":["post-931","post","type-post","status-publish","format-standard","hentry","category-bdm-projektion","category-bild-des-monats"],"jetpack_featured_media_url":"","jetpack_sharing_enabled":true,"_links":{"self":[{"href":"https:\/\/fotokreis-siegen.de\/index.php?rest_route=\/wp\/v2\/posts\/931","targetHints":{"allow":["GET"]}}],"collection":[{"href":"https:\/\/fotokreis-siegen.de\/index.php?rest_route=\/wp\/v2\/posts"}],"about":[{"href":"https:\/\/fotokreis-siegen.de\/index.php?rest_route=\/wp\/v2\/types\/post"}],"author":[{"embeddable":true,"href":"https:\/\/fotokreis-siegen.de\/index.php?rest_route=\/wp\/v2\/users\/2"}],"replies":[{"embeddable":true,"href":"https:\/\/fotokreis-siegen.de\/index.php?rest_route=%2Fwp%2Fv2%2Fcomments&post=931"}],"version-history":[{"count":2,"href":"https:\/\/fotokreis-siegen.de\/index.php?rest_route=\/wp\/v2\/posts\/931\/revisions"}],"predecessor-version":[{"id":933,"href":"https:\/\/fotokreis-siegen.de\/index.php?rest_route=\/wp\/v2\/posts\/931\/revisions\/933"}],"wp:attachment":[{"href":"https:\/\/fotokreis-siegen.de\/index.php?rest_route=%2Fwp%2Fv2%2Fmedia&parent=931"}],"wp:term":[{"taxonomy":"category","embeddable":true,"href":"https:\/\/fotokreis-siegen.de\/index.php?rest_route=%2Fwp%2Fv2%2Fcategories&post=931"},{"taxonomy":"post_tag","embeddable":true,"href":"https:\/\/fotokreis-siegen.de\/index.php?rest_route=%2Fwp%2Fv2%2Ftags&post=931"}],"curies":[{"name":"wp","href":"https:\/\/api.w.org\/{rel}","templated":true}]}}