{"id":900,"date":"2019-07-14T12:32:57","date_gmt":"2019-07-14T12:32:57","guid":{"rendered":"http:\/\/fotokreis-siegen.de\/?p=900"},"modified":"2019-07-14T12:32:58","modified_gmt":"2019-07-14T12:32:58","slug":"bdm-color-vom-12-juli","status":"publish","type":"post","link":"https:\/\/fotokreis-siegen.de\/?p=900","title":{"rendered":"BDM Color vom 12. Juli"},"content":{"rendered":"\n<div class=\"wp-block-image\"><figure class=\"aligncenter is-resized\"><img fetchpriority=\"high\" decoding=\"async\" src=\"http:\/\/fotokreis-siegen.de\/wp-content\/uploads\/2019\/07\/Schloss_Lichtenstein-759x1024.jpg\" alt=\"Schloss Lichtenstein\" class=\"wp-image-895\" width=\"380\" height=\"512\" srcset=\"https:\/\/fotokreis-siegen.de\/wp-content\/uploads\/2019\/07\/Schloss_Lichtenstein-759x1024.jpg 759w, https:\/\/fotokreis-siegen.de\/wp-content\/uploads\/2019\/07\/Schloss_Lichtenstein-223x300.jpg 223w, https:\/\/fotokreis-siegen.de\/wp-content\/uploads\/2019\/07\/Schloss_Lichtenstein-768x1036.jpg 768w, https:\/\/fotokreis-siegen.de\/wp-content\/uploads\/2019\/07\/Schloss_Lichtenstein-230x310.jpg 230w, https:\/\/fotokreis-siegen.de\/wp-content\/uploads\/2019\/07\/Schloss_Lichtenstein-350x472.jpg 350w, https:\/\/fotokreis-siegen.de\/wp-content\/uploads\/2019\/07\/Schloss_Lichtenstein-480x647.jpg 480w, https:\/\/fotokreis-siegen.de\/wp-content\/uploads\/2019\/07\/Schloss_Lichtenstein.jpg 801w\" sizes=\"(max-width: 380px) 100vw, 380px\" \/><figcaption>Hermann Werner Schmidt &#8211; Schloss Lichtenstein<\/figcaption><\/figure><\/div>\n\n\n\n<p>Da zuerst niemand mit einem Schl\u00fcssel zum Clubraum erschein, hofften alle Wartenden auf keinen weiteren Regenschauer. Kurz vor acht Uhr kam dann die Erl\u00f6sung und der Zugang zu dem Clubraum war ge\u00f6ffnet. Nach kurzem Meinungsaustausch abseits der Fotografie ging es dann zum BDM. Die anwesenden acht Mitglieder mussten sechs Papierwerke bewerten. Neben vier Landschafts- und Architekturaufnahmen befanden sich auch eine Studioaufnahme sowie eine Aufnahme, die mehr in den Bereich Experimente anzusiedeln war und f\u00fcr interessanten Gespr\u00e4chsstoff sorgte. Bei den Bewertungen lagen alle Beitr\u00e4ge ziemlich nah beieinander.  Der Sieger des Abends wurde der Beitrag von Hermann Werner Schmidt mit dem Titel \u201eSchloss Lichtenstein\u201c . Gl\u00fcckwunsch!<\/p>\n","protected":false},"excerpt":{"rendered":"<p>Da zuerst niemand mit einem Schl\u00fcssel zum Clubraum erschein, hofften alle Wartenden auf keinen weiteren Regenschauer. Kurz vor acht Uhr kam dann [&hellip;]<\/p>\n","protected":false},"author":2,"featured_media":0,"comment_status":"open","ping_status":"open","sticky":false,"template":"","format":"standard","meta":{"_jetpack_memberships_contains_paid_content":false,"footnotes":""},"categories":[10,3],"tags":[],"class_list":["post-900","post","type-post","status-publish","format-standard","hentry","category-bdm-color","category-bild-des-monats"],"jetpack_featured_media_url":"","jetpack_sharing_enabled":true,"_links":{"self":[{"href":"https:\/\/fotokreis-siegen.de\/index.php?rest_route=\/wp\/v2\/posts\/900","targetHints":{"allow":["GET"]}}],"collection":[{"href":"https:\/\/fotokreis-siegen.de\/index.php?rest_route=\/wp\/v2\/posts"}],"about":[{"href":"https:\/\/fotokreis-siegen.de\/index.php?rest_route=\/wp\/v2\/types\/post"}],"author":[{"embeddable":true,"href":"https:\/\/fotokreis-siegen.de\/index.php?rest_route=\/wp\/v2\/users\/2"}],"replies":[{"embeddable":true,"href":"https:\/\/fotokreis-siegen.de\/index.php?rest_route=%2Fwp%2Fv2%2Fcomments&post=900"}],"version-history":[{"count":1,"href":"https:\/\/fotokreis-siegen.de\/index.php?rest_route=\/wp\/v2\/posts\/900\/revisions"}],"predecessor-version":[{"id":901,"href":"https:\/\/fotokreis-siegen.de\/index.php?rest_route=\/wp\/v2\/posts\/900\/revisions\/901"}],"wp:attachment":[{"href":"https:\/\/fotokreis-siegen.de\/index.php?rest_route=%2Fwp%2Fv2%2Fmedia&parent=900"}],"wp:term":[{"taxonomy":"category","embeddable":true,"href":"https:\/\/fotokreis-siegen.de\/index.php?rest_route=%2Fwp%2Fv2%2Fcategories&post=900"},{"taxonomy":"post_tag","embeddable":true,"href":"https:\/\/fotokreis-siegen.de\/index.php?rest_route=%2Fwp%2Fv2%2Ftags&post=900"}],"curies":[{"name":"wp","href":"https:\/\/api.w.org\/{rel}","templated":true}]}}