{"id":779,"date":"2019-04-07T18:47:43","date_gmt":"2019-04-07T18:47:43","guid":{"rendered":"http:\/\/fotokreis-siegen.de\/?p=779"},"modified":"2019-04-27T20:39:51","modified_gmt":"2019-04-27T20:39:51","slug":"bdm-projektion-vom-05-april","status":"publish","type":"post","link":"https:\/\/fotokreis-siegen.de\/?p=779","title":{"rendered":"BDM Projektion vom 05. April"},"content":{"rendered":"\n<figure class=\"wp-block-image is-resized\"><img fetchpriority=\"high\" decoding=\"async\" src=\"http:\/\/fotokreis-siegen.de\/wp-content\/uploads\/2019\/04\/Mira-768x1024.jpg\" alt=\"\" class=\"wp-image-781\" width=\"576\" height=\"768\" srcset=\"https:\/\/fotokreis-siegen.de\/wp-content\/uploads\/2019\/04\/Mira-768x1024.jpg 768w, https:\/\/fotokreis-siegen.de\/wp-content\/uploads\/2019\/04\/Mira-225x300.jpg 225w, https:\/\/fotokreis-siegen.de\/wp-content\/uploads\/2019\/04\/Mira-1152x1536.jpg 1152w, https:\/\/fotokreis-siegen.de\/wp-content\/uploads\/2019\/04\/Mira-830x1107.jpg 830w, https:\/\/fotokreis-siegen.de\/wp-content\/uploads\/2019\/04\/Mira-230x307.jpg 230w, https:\/\/fotokreis-siegen.de\/wp-content\/uploads\/2019\/04\/Mira-350x467.jpg 350w, https:\/\/fotokreis-siegen.de\/wp-content\/uploads\/2019\/04\/Mira-480x640.jpg 480w, https:\/\/fotokreis-siegen.de\/wp-content\/uploads\/2019\/04\/Mira.jpg 1200w\" sizes=\"(max-width: 576px) 100vw, 576px\" \/><figcaption>Christian Feigs &#8211; Mira<\/figcaption><\/figure>\n\n\n\n<p>Zw\u00f6lf Mitglieder und ein Gast aus dem Fotoclub Olpe waren an diesem Abend anwesend und zehn Beitr\u00e4ge mussten sich der Kritik stellen. Nach einer kurzen Meinungsaustausch \u00fcber die Er\u00f6ffnung der Bilderausstellung im Rathaus Hilchenbach gab unserer Gast noch einige Informationen zu den Aktivit\u00e4ten des Fotoclubs Olpe. Anschlie\u00dfend ging es zu den Bildbewertungen. Bei den Motiven gab es, wie immer bei Projektionen, ein weites Spektrum. Unser Gast aus Olpe hatte auch ein Bild mitgebracht und erreichte den vierten Platz. Insgesamt ging es ganz eng zu und Platz zwei und drei mussten sich sogar die gleiche Punktzahl teilen. Sieger des Abends aber wurde Christian Feigs mit seinem Beitrag \u201eMira\u201c. Herzlichen Gl\u00fcckwunsch!<\/p>\n","protected":false},"excerpt":{"rendered":"<p>Zw\u00f6lf Mitglieder und ein Gast aus dem Fotoclub Olpe waren an diesem Abend anwesend und zehn Beitr\u00e4ge mussten sich der Kritik stellen. [&hellip;]<\/p>\n","protected":false},"author":2,"featured_media":0,"comment_status":"open","ping_status":"open","sticky":false,"template":"","format":"standard","meta":{"_jetpack_memberships_contains_paid_content":false,"footnotes":""},"categories":[2,17],"tags":[],"class_list":["post-779","post","type-post","status-publish","format-standard","hentry","category-allgemein","category-bdm-projektion"],"jetpack_featured_media_url":"","jetpack_sharing_enabled":true,"_links":{"self":[{"href":"https:\/\/fotokreis-siegen.de\/index.php?rest_route=\/wp\/v2\/posts\/779","targetHints":{"allow":["GET"]}}],"collection":[{"href":"https:\/\/fotokreis-siegen.de\/index.php?rest_route=\/wp\/v2\/posts"}],"about":[{"href":"https:\/\/fotokreis-siegen.de\/index.php?rest_route=\/wp\/v2\/types\/post"}],"author":[{"embeddable":true,"href":"https:\/\/fotokreis-siegen.de\/index.php?rest_route=\/wp\/v2\/users\/2"}],"replies":[{"embeddable":true,"href":"https:\/\/fotokreis-siegen.de\/index.php?rest_route=%2Fwp%2Fv2%2Fcomments&post=779"}],"version-history":[{"count":6,"href":"https:\/\/fotokreis-siegen.de\/index.php?rest_route=\/wp\/v2\/posts\/779\/revisions"}],"predecessor-version":[{"id":789,"href":"https:\/\/fotokreis-siegen.de\/index.php?rest_route=\/wp\/v2\/posts\/779\/revisions\/789"}],"wp:attachment":[{"href":"https:\/\/fotokreis-siegen.de\/index.php?rest_route=%2Fwp%2Fv2%2Fmedia&parent=779"}],"wp:term":[{"taxonomy":"category","embeddable":true,"href":"https:\/\/fotokreis-siegen.de\/index.php?rest_route=%2Fwp%2Fv2%2Fcategories&post=779"},{"taxonomy":"post_tag","embeddable":true,"href":"https:\/\/fotokreis-siegen.de\/index.php?rest_route=%2Fwp%2Fv2%2Ftags&post=779"}],"curies":[{"name":"wp","href":"https:\/\/api.w.org\/{rel}","templated":true}]}}