{"id":744,"date":"2019-03-17T16:32:39","date_gmt":"2019-03-17T16:32:39","guid":{"rendered":"http:\/\/fotokreis-siegen.de\/?p=744"},"modified":"2019-03-17T16:32:40","modified_gmt":"2019-03-17T16:32:40","slug":"bdm-color-vom-15-maerz","status":"publish","type":"post","link":"https:\/\/fotokreis-siegen.de\/?p=744","title":{"rendered":"BDM Color vom 15. M\u00e4rz"},"content":{"rendered":"\n<figure class=\"wp-block-image is-resized\"><img fetchpriority=\"high\" decoding=\"async\" src=\"http:\/\/fotokreis-siegen.de\/wp-content\/uploads\/2019\/03\/Mezzanotte-759x1024.jpg\" alt=\"\" class=\"wp-image-736\" width=\"569\" height=\"768\" srcset=\"https:\/\/fotokreis-siegen.de\/wp-content\/uploads\/2019\/03\/Mezzanotte-759x1024.jpg 759w, https:\/\/fotokreis-siegen.de\/wp-content\/uploads\/2019\/03\/Mezzanotte-223x300.jpg 223w, https:\/\/fotokreis-siegen.de\/wp-content\/uploads\/2019\/03\/Mezzanotte-768x1036.jpg 768w, https:\/\/fotokreis-siegen.de\/wp-content\/uploads\/2019\/03\/Mezzanotte-230x310.jpg 230w, https:\/\/fotokreis-siegen.de\/wp-content\/uploads\/2019\/03\/Mezzanotte-350x472.jpg 350w, https:\/\/fotokreis-siegen.de\/wp-content\/uploads\/2019\/03\/Mezzanotte-480x647.jpg 480w, https:\/\/fotokreis-siegen.de\/wp-content\/uploads\/2019\/03\/Mezzanotte.jpg 801w\" sizes=\"(max-width: 569px) 100vw, 569px\" \/><figcaption>Hermann Werner Schmidt &#8211; Mezzanotte <\/figcaption><\/figure>\n\n\n\n<p>Sieben Mitglieder und ein Gast waren an diesem Abend anwesend. Zur Bezirksfotoschau von letzten Samstag wurde ein durchaus positiver Fazit gezogen, aber es wurde auch konstruktive Kritik \u00fcber einige Vorkommnisse ge\u00fcbt. Am Ende waren sich die meisten einig, dass die Bezirksfotoschau 2019 ein Erfolg war. Im Anschlu\u00df ging es zu der Bewertung der sechs Color Beitr\u00e4ge. Der Beitrag unseres Gastes erreicht dabei den dritten Platz. Der Sieger\u00a0des Abends aber wurde der Beitrag vom Hermann Werner Schmidt mit dem Titel \u201eMezzanotte\u201c. Gl\u00fcckwunsch!<\/p>\n","protected":false},"excerpt":{"rendered":"<p>Sieben Mitglieder und ein Gast waren an diesem Abend anwesend. Zur Bezirksfotoschau von letzten Samstag wurde ein durchaus positiver Fazit gezogen, aber [&hellip;]<\/p>\n","protected":false},"author":2,"featured_media":0,"comment_status":"open","ping_status":"open","sticky":false,"template":"","format":"standard","meta":{"_jetpack_memberships_contains_paid_content":false,"footnotes":""},"categories":[2,10],"tags":[],"class_list":["post-744","post","type-post","status-publish","format-standard","hentry","category-allgemein","category-bdm-color"],"jetpack_featured_media_url":"","jetpack_sharing_enabled":true,"_links":{"self":[{"href":"https:\/\/fotokreis-siegen.de\/index.php?rest_route=\/wp\/v2\/posts\/744","targetHints":{"allow":["GET"]}}],"collection":[{"href":"https:\/\/fotokreis-siegen.de\/index.php?rest_route=\/wp\/v2\/posts"}],"about":[{"href":"https:\/\/fotokreis-siegen.de\/index.php?rest_route=\/wp\/v2\/types\/post"}],"author":[{"embeddable":true,"href":"https:\/\/fotokreis-siegen.de\/index.php?rest_route=\/wp\/v2\/users\/2"}],"replies":[{"embeddable":true,"href":"https:\/\/fotokreis-siegen.de\/index.php?rest_route=%2Fwp%2Fv2%2Fcomments&post=744"}],"version-history":[{"count":3,"href":"https:\/\/fotokreis-siegen.de\/index.php?rest_route=\/wp\/v2\/posts\/744\/revisions"}],"predecessor-version":[{"id":747,"href":"https:\/\/fotokreis-siegen.de\/index.php?rest_route=\/wp\/v2\/posts\/744\/revisions\/747"}],"wp:attachment":[{"href":"https:\/\/fotokreis-siegen.de\/index.php?rest_route=%2Fwp%2Fv2%2Fmedia&parent=744"}],"wp:term":[{"taxonomy":"category","embeddable":true,"href":"https:\/\/fotokreis-siegen.de\/index.php?rest_route=%2Fwp%2Fv2%2Fcategories&post=744"},{"taxonomy":"post_tag","embeddable":true,"href":"https:\/\/fotokreis-siegen.de\/index.php?rest_route=%2Fwp%2Fv2%2Ftags&post=744"}],"curies":[{"name":"wp","href":"https:\/\/api.w.org\/{rel}","templated":true}]}}