{"id":621,"date":"2019-01-26T10:13:55","date_gmt":"2019-01-26T10:13:55","guid":{"rendered":"http:\/\/fotokreis-siegen.de\/?p=621"},"modified":"2019-01-26T10:13:57","modified_gmt":"2019-01-26T10:13:57","slug":"bdm-thema-obst-gemuese-vom-25-januar","status":"publish","type":"post","link":"https:\/\/fotokreis-siegen.de\/?p=621","title":{"rendered":"BDM Thema \u201eObst &#038; Gem\u00fcse\u201c vom 25. Januar"},"content":{"rendered":"\n<figure class=\"wp-block-image\"><img fetchpriority=\"high\" decoding=\"async\" width=\"1024\" height=\"624\" src=\"https:\/\/fotokreis-siegen.de\/wp-content\/uploads\/2019\/01\/DSCX4484_BDM_Thema-1024x624.jpg\" alt=\"\" class=\"wp-image-616\" srcset=\"https:\/\/fotokreis-siegen.de\/wp-content\/uploads\/2019\/01\/DSCX4484_BDM_Thema-1024x624.jpg 1024w, https:\/\/fotokreis-siegen.de\/wp-content\/uploads\/2019\/01\/DSCX4484_BDM_Thema-300x183.jpg 300w, https:\/\/fotokreis-siegen.de\/wp-content\/uploads\/2019\/01\/DSCX4484_BDM_Thema-768x468.jpg 768w, https:\/\/fotokreis-siegen.de\/wp-content\/uploads\/2019\/01\/DSCX4484_BDM_Thema-1536x936.jpg 1536w, https:\/\/fotokreis-siegen.de\/wp-content\/uploads\/2019\/01\/DSCX4484_BDM_Thema-830x506.jpg 830w, https:\/\/fotokreis-siegen.de\/wp-content\/uploads\/2019\/01\/DSCX4484_BDM_Thema-230x140.jpg 230w, https:\/\/fotokreis-siegen.de\/wp-content\/uploads\/2019\/01\/DSCX4484_BDM_Thema-350x213.jpg 350w, https:\/\/fotokreis-siegen.de\/wp-content\/uploads\/2019\/01\/DSCX4484_BDM_Thema-480x292.jpg 480w, https:\/\/fotokreis-siegen.de\/wp-content\/uploads\/2019\/01\/DSCX4484_BDM_Thema.jpg 1773w\" sizes=\"(max-width: 1024px) 100vw, 1024px\" \/><figcaption>Claudius Warzecha &#8211; Der Aufschnitt<\/figcaption><\/figure>\n\n\n\n<p>Trotz Handball WM und winterlichen Wetterverh\u00e4ltnissen waren neun Mitglieder an diesem Abend anwesend. Es wurde kurz \u00fcber den Besuch des WDR am vergangenen Dienstag gesprochen. Dann ging es zu der Bewertung der sieben Projektions- und einem Papierbeitrag zum Thema \u201eObst &amp; Gem\u00fcse\u201c. Alle Beitr\u00e4ge hatten das Thema, wenn man Obst und Gem\u00fcse nicht w\u00f6rtlich nimmt, ganz gut getroffen. Die Motivspanne reichte von Arrangements \u00fcber Stillleben bis zu Markst\u00e4nden. Der Sieger&nbsp;des Abends wurde der Beitrag vom Claudius Warzecha mit dem Titel \u201eDer Aufschnitt\u201c. Gl\u00fcckwunsch!<\/p>\n","protected":false},"excerpt":{"rendered":"<p>Trotz Handball WM und winterlichen Wetterverh\u00e4ltnissen waren neun Mitglieder an diesem Abend anwesend. Es wurde kurz \u00fcber den Besuch des WDR am [&hellip;]<\/p>\n","protected":false},"author":2,"featured_media":0,"comment_status":"open","ping_status":"open","sticky":false,"template":"","format":"standard","meta":{"_jetpack_memberships_contains_paid_content":false,"footnotes":""},"categories":[12,3],"tags":[],"class_list":["post-621","post","type-post","status-publish","format-standard","hentry","category-bdm-thema","category-bild-des-monats"],"jetpack_featured_media_url":"","jetpack_sharing_enabled":true,"_links":{"self":[{"href":"https:\/\/fotokreis-siegen.de\/index.php?rest_route=\/wp\/v2\/posts\/621","targetHints":{"allow":["GET"]}}],"collection":[{"href":"https:\/\/fotokreis-siegen.de\/index.php?rest_route=\/wp\/v2\/posts"}],"about":[{"href":"https:\/\/fotokreis-siegen.de\/index.php?rest_route=\/wp\/v2\/types\/post"}],"author":[{"embeddable":true,"href":"https:\/\/fotokreis-siegen.de\/index.php?rest_route=\/wp\/v2\/users\/2"}],"replies":[{"embeddable":true,"href":"https:\/\/fotokreis-siegen.de\/index.php?rest_route=%2Fwp%2Fv2%2Fcomments&post=621"}],"version-history":[{"count":4,"href":"https:\/\/fotokreis-siegen.de\/index.php?rest_route=\/wp\/v2\/posts\/621\/revisions"}],"predecessor-version":[{"id":634,"href":"https:\/\/fotokreis-siegen.de\/index.php?rest_route=\/wp\/v2\/posts\/621\/revisions\/634"}],"wp:attachment":[{"href":"https:\/\/fotokreis-siegen.de\/index.php?rest_route=%2Fwp%2Fv2%2Fmedia&parent=621"}],"wp:term":[{"taxonomy":"category","embeddable":true,"href":"https:\/\/fotokreis-siegen.de\/index.php?rest_route=%2Fwp%2Fv2%2Fcategories&post=621"},{"taxonomy":"post_tag","embeddable":true,"href":"https:\/\/fotokreis-siegen.de\/index.php?rest_route=%2Fwp%2Fv2%2Ftags&post=621"}],"curies":[{"name":"wp","href":"https:\/\/api.w.org\/{rel}","templated":true}]}}