{"id":604,"date":"2019-01-19T18:16:12","date_gmt":"2019-01-19T18:16:12","guid":{"rendered":"http:\/\/fotokreis-siegen.de\/?p=604"},"modified":"2019-01-19T18:16:13","modified_gmt":"2019-01-19T18:16:13","slug":"bdm-sw-vom-18-januar","status":"publish","type":"post","link":"https:\/\/fotokreis-siegen.de\/?p=604","title":{"rendered":"BDM SW vom 18. Januar"},"content":{"rendered":"\n<figure class=\"wp-block-image is-resized\"><img fetchpriority=\"high\" decoding=\"async\" src=\"http:\/\/fotokreis-siegen.de\/wp-content\/uploads\/2019\/01\/A_cloudy_Day-1024x485.jpg\" alt=\"\" class=\"wp-image-600\" width=\"768\" height=\"364\" srcset=\"https:\/\/fotokreis-siegen.de\/wp-content\/uploads\/2019\/01\/A_cloudy_Day-1024x485.jpg 1024w, https:\/\/fotokreis-siegen.de\/wp-content\/uploads\/2019\/01\/A_cloudy_Day-300x142.jpg 300w, https:\/\/fotokreis-siegen.de\/wp-content\/uploads\/2019\/01\/A_cloudy_Day-768x364.jpg 768w, https:\/\/fotokreis-siegen.de\/wp-content\/uploads\/2019\/01\/A_cloudy_Day-1536x728.jpg 1536w, https:\/\/fotokreis-siegen.de\/wp-content\/uploads\/2019\/01\/A_cloudy_Day-830x393.jpg 830w, https:\/\/fotokreis-siegen.de\/wp-content\/uploads\/2019\/01\/A_cloudy_Day-230x109.jpg 230w, https:\/\/fotokreis-siegen.de\/wp-content\/uploads\/2019\/01\/A_cloudy_Day-350x166.jpg 350w, https:\/\/fotokreis-siegen.de\/wp-content\/uploads\/2019\/01\/A_cloudy_Day-480x228.jpg 480w, https:\/\/fotokreis-siegen.de\/wp-content\/uploads\/2019\/01\/A_cloudy_Day.jpg 1920w\" sizes=\"(max-width: 768px) 100vw, 768px\" \/><figcaption>Kruno Schmidt &#8211; A cloudy day<\/figcaption><\/figure>\n\n\n\n<p>F\u00fcnfzehn Mitglieder und ein junger Gast fanden den Weg an diesem Abend zu den Vereinsr\u00e4umen. Mit einer wahren Bilderflut von zw\u00f6lf Beitr\u00e4gen gab es ein Platzproblem, und so mussten einige Bilder in einer zweiten Reihe aufgestellt werden. Bevor es zu der Bewertung kam, wurden Meinungen \u00fcber die korrekte Anrede von Mitgliedern in E-Mails diskutiert. Dann ging es aber an der Bewertung der zahlreichen Beitr\u00e4ge. Eine erfreulich hohe Qualit\u00e4t spiegelte sich auch in den Bewertungen wieder mit teils sehr enger Punktevergabe. Sieger des Abends wurde aber, mit einem kleinen Respektabstand, der Beitrag von Kruno Schmidt mit dem Titel \u201eA cloudy day\u201c. Herzlichen Gl\u00fcckwunsch!<\/p>\n","protected":false},"excerpt":{"rendered":"<p>F\u00fcnfzehn Mitglieder und ein junger Gast fanden den Weg an diesem Abend zu den Vereinsr\u00e4umen. Mit einer wahren Bilderflut von zw\u00f6lf Beitr\u00e4gen [&hellip;]<\/p>\n","protected":false},"author":2,"featured_media":0,"comment_status":"open","ping_status":"open","sticky":false,"template":"","format":"standard","meta":{"_jetpack_memberships_contains_paid_content":false,"footnotes":""},"categories":[11,3],"tags":[],"class_list":["post-604","post","type-post","status-publish","format-standard","hentry","category-bdm-sw","category-bild-des-monats"],"jetpack_featured_media_url":"","jetpack_sharing_enabled":true,"_links":{"self":[{"href":"https:\/\/fotokreis-siegen.de\/index.php?rest_route=\/wp\/v2\/posts\/604","targetHints":{"allow":["GET"]}}],"collection":[{"href":"https:\/\/fotokreis-siegen.de\/index.php?rest_route=\/wp\/v2\/posts"}],"about":[{"href":"https:\/\/fotokreis-siegen.de\/index.php?rest_route=\/wp\/v2\/types\/post"}],"author":[{"embeddable":true,"href":"https:\/\/fotokreis-siegen.de\/index.php?rest_route=\/wp\/v2\/users\/2"}],"replies":[{"embeddable":true,"href":"https:\/\/fotokreis-siegen.de\/index.php?rest_route=%2Fwp%2Fv2%2Fcomments&post=604"}],"version-history":[{"count":7,"href":"https:\/\/fotokreis-siegen.de\/index.php?rest_route=\/wp\/v2\/posts\/604\/revisions"}],"predecessor-version":[{"id":612,"href":"https:\/\/fotokreis-siegen.de\/index.php?rest_route=\/wp\/v2\/posts\/604\/revisions\/612"}],"wp:attachment":[{"href":"https:\/\/fotokreis-siegen.de\/index.php?rest_route=%2Fwp%2Fv2%2Fmedia&parent=604"}],"wp:term":[{"taxonomy":"category","embeddable":true,"href":"https:\/\/fotokreis-siegen.de\/index.php?rest_route=%2Fwp%2Fv2%2Fcategories&post=604"},{"taxonomy":"post_tag","embeddable":true,"href":"https:\/\/fotokreis-siegen.de\/index.php?rest_route=%2Fwp%2Fv2%2Ftags&post=604"}],"curies":[{"name":"wp","href":"https:\/\/api.w.org\/{rel}","templated":true}]}}