{"id":4085,"date":"2021-02-02T22:11:22","date_gmt":"2021-02-02T22:11:22","guid":{"rendered":"http:\/\/fotokreis-siegen.de\/?p=4085"},"modified":"2021-02-02T22:11:23","modified_gmt":"2021-02-02T22:11:23","slug":"bdm-thema-architektur-online-vom-29-januar","status":"publish","type":"post","link":"https:\/\/fotokreis-siegen.de\/?p=4085","title":{"rendered":"BdM Thema \u201eArchitektur\u201c (Online) vom 29. Januar"},"content":{"rendered":"\n<figure class=\"wp-block-image size-large\"><img fetchpriority=\"high\" decoding=\"async\" width=\"1024\" height=\"614\" src=\"http:\/\/fotokreis-siegen.de\/wp-content\/uploads\/2021\/01\/20210129-03-1024x614.jpg\" alt=\"\" class=\"wp-image-3631\" srcset=\"https:\/\/fotokreis-siegen.de\/wp-content\/uploads\/2021\/01\/20210129-03-1024x614.jpg 1024w, https:\/\/fotokreis-siegen.de\/wp-content\/uploads\/2021\/01\/20210129-03-300x180.jpg 300w, https:\/\/fotokreis-siegen.de\/wp-content\/uploads\/2021\/01\/20210129-03-768x461.jpg 768w, https:\/\/fotokreis-siegen.de\/wp-content\/uploads\/2021\/01\/20210129-03-1536x922.jpg 1536w, https:\/\/fotokreis-siegen.de\/wp-content\/uploads\/2021\/01\/20210129-03-830x498.jpg 830w, https:\/\/fotokreis-siegen.de\/wp-content\/uploads\/2021\/01\/20210129-03-230x138.jpg 230w, https:\/\/fotokreis-siegen.de\/wp-content\/uploads\/2021\/01\/20210129-03-350x210.jpg 350w, https:\/\/fotokreis-siegen.de\/wp-content\/uploads\/2021\/01\/20210129-03-480x288.jpg 480w, https:\/\/fotokreis-siegen.de\/wp-content\/uploads\/2021\/01\/20210129-03.jpg 1800w\" sizes=\"(max-width: 1024px) 100vw, 1024px\" \/><figcaption>Kruno Schmidt (AFIAP) &#8211; Hoch hinaus<\/figcaption><\/figure>\n\n\n\n<p>Am 29. Januar haben wir unseren BdM Thema \u201eArchitektur\u201c als Online BdM durchgef\u00fchrt. Es nahmen f\u00fcnfzehn Mitglieder mit ihren Bildwerken an dem Wettbewerb teil, gr\u00f6\u00dfte Teilnehmerzahl bei einem Online Wettbewerb bisher. Abgestimmt haben vierzehn Mitglieder. Am Abend des 29. Januar wurde dann noch eine Videokonferenz mit zehn Mitgliedern abgehalten und die Ergebnisse besprochen. Sieger des Wettbewerbs wurde Kruno Schmidt mit dem Beitrag \u201eHoch hinaus\u201c. Herzlichen Gl\u00fcckwunsch!<\/p>\n\n\n\n<p>F\u00fcr den n\u00e4chsten Wettbewerb (BdM Projektion, der wieder als Online BdM stattfindet, werden wieder alle Mitglieder per Rundmail informiert. Bei den Online BdM Einsendungen aber vor allem auch den Abstimmungen k\u00f6nnen selbstverst\u00e4ndlich alle unsere Mitglieder mitmachen.<\/p>\n","protected":false},"excerpt":{"rendered":"<p>Am 29. Januar haben wir unseren BdM Thema \u201eArchitektur\u201c als Online BdM durchgef\u00fchrt. Es nahmen f\u00fcnfzehn Mitglieder mit ihren Bildwerken an dem [&hellip;]<\/p>\n","protected":false},"author":2,"featured_media":0,"comment_status":"open","ping_status":"open","sticky":false,"template":"","format":"standard","meta":{"_jetpack_memberships_contains_paid_content":false,"footnotes":""},"categories":[12,3,26],"tags":[],"class_list":["post-4085","post","type-post","status-publish","format-standard","hentry","category-bdm-thema","category-bild-des-monats","category-online-bdm"],"jetpack_featured_media_url":"","jetpack_sharing_enabled":true,"_links":{"self":[{"href":"https:\/\/fotokreis-siegen.de\/index.php?rest_route=\/wp\/v2\/posts\/4085","targetHints":{"allow":["GET"]}}],"collection":[{"href":"https:\/\/fotokreis-siegen.de\/index.php?rest_route=\/wp\/v2\/posts"}],"about":[{"href":"https:\/\/fotokreis-siegen.de\/index.php?rest_route=\/wp\/v2\/types\/post"}],"author":[{"embeddable":true,"href":"https:\/\/fotokreis-siegen.de\/index.php?rest_route=\/wp\/v2\/users\/2"}],"replies":[{"embeddable":true,"href":"https:\/\/fotokreis-siegen.de\/index.php?rest_route=%2Fwp%2Fv2%2Fcomments&post=4085"}],"version-history":[{"count":2,"href":"https:\/\/fotokreis-siegen.de\/index.php?rest_route=\/wp\/v2\/posts\/4085\/revisions"}],"predecessor-version":[{"id":4087,"href":"https:\/\/fotokreis-siegen.de\/index.php?rest_route=\/wp\/v2\/posts\/4085\/revisions\/4087"}],"wp:attachment":[{"href":"https:\/\/fotokreis-siegen.de\/index.php?rest_route=%2Fwp%2Fv2%2Fmedia&parent=4085"}],"wp:term":[{"taxonomy":"category","embeddable":true,"href":"https:\/\/fotokreis-siegen.de\/index.php?rest_route=%2Fwp%2Fv2%2Fcategories&post=4085"},{"taxonomy":"post_tag","embeddable":true,"href":"https:\/\/fotokreis-siegen.de\/index.php?rest_route=%2Fwp%2Fv2%2Ftags&post=4085"}],"curies":[{"name":"wp","href":"https:\/\/api.w.org\/{rel}","templated":true}]}}