{"id":25309,"date":"2026-04-25T17:45:53","date_gmt":"2026-04-25T16:45:53","guid":{"rendered":"https:\/\/fotokreis-siegen.de\/?p=25309"},"modified":"2026-04-25T17:45:55","modified_gmt":"2026-04-25T16:45:55","slug":"bdm-online-vom-16-april","status":"publish","type":"post","link":"https:\/\/fotokreis-siegen.de\/?p=25309","title":{"rendered":"BdM Online vom 16. April"},"content":{"rendered":"\n<figure class=\"wp-block-image size-large\"><img fetchpriority=\"high\" decoding=\"async\" width=\"1024\" height=\"696\" src=\"http:\/\/fotokreis-siegen.de\/wp-content\/uploads\/2026\/04\/20260416-09-1024x696.jpg\" alt=\"\" class=\"wp-image-25241\" srcset=\"https:\/\/fotokreis-siegen.de\/wp-content\/uploads\/2026\/04\/20260416-09-1024x696.jpg 1024w, https:\/\/fotokreis-siegen.de\/wp-content\/uploads\/2026\/04\/20260416-09-300x204.jpg 300w, https:\/\/fotokreis-siegen.de\/wp-content\/uploads\/2026\/04\/20260416-09-768x522.jpg 768w, https:\/\/fotokreis-siegen.de\/wp-content\/uploads\/2026\/04\/20260416-09-1536x1043.jpg 1536w, https:\/\/fotokreis-siegen.de\/wp-content\/uploads\/2026\/04\/20260416-09-1000x679.jpg 1000w, https:\/\/fotokreis-siegen.de\/wp-content\/uploads\/2026\/04\/20260416-09-230x156.jpg 230w, https:\/\/fotokreis-siegen.de\/wp-content\/uploads\/2026\/04\/20260416-09-350x238.jpg 350w, https:\/\/fotokreis-siegen.de\/wp-content\/uploads\/2026\/04\/20260416-09-480x326.jpg 480w, https:\/\/fotokreis-siegen.de\/wp-content\/uploads\/2026\/04\/20260416-09.jpg 1590w\" sizes=\"(max-width: 1024px) 100vw, 1024px\" \/><figcaption class=\"wp-element-caption\">Kruno Schmidt (EFIAP\/S) &#8211; Abend am J\u00f6kulsarlon<\/figcaption><\/figure>\n\n\n\n<p>Am 16. April fand unser BdM Online statt. An dem Wettbewerb haben elf Mitglieder mit ihren Beitr\u00e4ge teilgenommen, abgestimmt haben neun Mitglieder. Die Spanne der Bildmotive war sehr breit. Sieger des Wettbewerbs wurde Kruno Schmidt mit dem Beitrag \u201eAbend am J\u00f6kulsarlon\u201c. Auf dem zweiten Platz folgte Uwe Schmidt mit dem Beitrag \u201eAussichtpunkt Hackerbr\u00fccke\u201c und den dritten Platz belegte der Beitrag vom Hermann Geppert mit dem Titel \u201eCascata da Ribeira\u201c. Herzlichen Gl\u00fcckwunsch!\u00a0<\/p>\n\n\n\n<p>Der n\u00e4chste Papier-Wettbewerb (BdM SchwarzWeiss) findet als Pr\u00e4senzveranstaltung in unserem Vereinsraum statt. Dazu sind alle Mitglieder f\u00fcr den kommenden Freitag um 20 Uhr sehr herzlich eingeladen.<\/p>\n","protected":false},"excerpt":{"rendered":"<p>Am 16. April fand unser BdM Online statt. An dem Wettbewerb haben elf Mitglieder mit ihren Beitr\u00e4ge teilgenommen, abgestimmt haben neun Mitglieder. [&hellip;]<\/p>\n","protected":false},"author":2,"featured_media":0,"comment_status":"closed","ping_status":"open","sticky":false,"template":"","format":"standard","meta":{"_jetpack_memberships_contains_paid_content":false,"footnotes":""},"categories":[17,3,26],"tags":[],"class_list":["post-25309","post","type-post","status-publish","format-standard","hentry","category-bdm-projektion","category-bild-des-monats","category-online-bdm"],"jetpack_featured_media_url":"","jetpack_sharing_enabled":true,"_links":{"self":[{"href":"https:\/\/fotokreis-siegen.de\/index.php?rest_route=\/wp\/v2\/posts\/25309","targetHints":{"allow":["GET"]}}],"collection":[{"href":"https:\/\/fotokreis-siegen.de\/index.php?rest_route=\/wp\/v2\/posts"}],"about":[{"href":"https:\/\/fotokreis-siegen.de\/index.php?rest_route=\/wp\/v2\/types\/post"}],"author":[{"embeddable":true,"href":"https:\/\/fotokreis-siegen.de\/index.php?rest_route=\/wp\/v2\/users\/2"}],"replies":[{"embeddable":true,"href":"https:\/\/fotokreis-siegen.de\/index.php?rest_route=%2Fwp%2Fv2%2Fcomments&post=25309"}],"version-history":[{"count":2,"href":"https:\/\/fotokreis-siegen.de\/index.php?rest_route=\/wp\/v2\/posts\/25309\/revisions"}],"predecessor-version":[{"id":25311,"href":"https:\/\/fotokreis-siegen.de\/index.php?rest_route=\/wp\/v2\/posts\/25309\/revisions\/25311"}],"wp:attachment":[{"href":"https:\/\/fotokreis-siegen.de\/index.php?rest_route=%2Fwp%2Fv2%2Fmedia&parent=25309"}],"wp:term":[{"taxonomy":"category","embeddable":true,"href":"https:\/\/fotokreis-siegen.de\/index.php?rest_route=%2Fwp%2Fv2%2Fcategories&post=25309"},{"taxonomy":"post_tag","embeddable":true,"href":"https:\/\/fotokreis-siegen.de\/index.php?rest_route=%2Fwp%2Fv2%2Ftags&post=25309"}],"curies":[{"name":"wp","href":"https:\/\/api.w.org\/{rel}","templated":true}]}}