{"id":24868,"date":"2026-01-23T17:25:28","date_gmt":"2026-01-23T16:25:28","guid":{"rendered":"https:\/\/fotokreis-siegen.de\/?p=24868"},"modified":"2026-01-23T17:25:31","modified_gmt":"2026-01-23T16:25:31","slug":"bdm-online-vom-22-januar","status":"publish","type":"post","link":"https:\/\/fotokreis-siegen.de\/?p=24868","title":{"rendered":"BdM Online vom 22. Januar"},"content":{"rendered":"\n<figure class=\"wp-block-image size-large\"><img fetchpriority=\"high\" decoding=\"async\" width=\"1024\" height=\"683\" src=\"http:\/\/fotokreis-siegen.de\/wp-content\/uploads\/2026\/01\/20260122-06-1024x683.jpg\" alt=\"\" class=\"wp-image-24837\" srcset=\"https:\/\/fotokreis-siegen.de\/wp-content\/uploads\/2026\/01\/20260122-06-1024x683.jpg 1024w, https:\/\/fotokreis-siegen.de\/wp-content\/uploads\/2026\/01\/20260122-06-300x200.jpg 300w, https:\/\/fotokreis-siegen.de\/wp-content\/uploads\/2026\/01\/20260122-06-768x512.jpg 768w, https:\/\/fotokreis-siegen.de\/wp-content\/uploads\/2026\/01\/20260122-06-1536x1024.jpg 1536w, https:\/\/fotokreis-siegen.de\/wp-content\/uploads\/2026\/01\/20260122-06-1000x667.jpg 1000w, https:\/\/fotokreis-siegen.de\/wp-content\/uploads\/2026\/01\/20260122-06-230x153.jpg 230w, https:\/\/fotokreis-siegen.de\/wp-content\/uploads\/2026\/01\/20260122-06-350x233.jpg 350w, https:\/\/fotokreis-siegen.de\/wp-content\/uploads\/2026\/01\/20260122-06-480x320.jpg 480w, https:\/\/fotokreis-siegen.de\/wp-content\/uploads\/2026\/01\/20260122-06.jpg 1620w\" sizes=\"(max-width: 1024px) 100vw, 1024px\" \/><figcaption class=\"wp-element-caption\">Hans-Georg Walbergs &#8211; Braunes Feld<\/figcaption><\/figure>\n\n\n\n<p>Am 22. Januar fand unser BdM Online statt. Es nahmen neun Mitglieder mit ihren Bildern an dem Wettbewerb teil. Abgestimmt haben leider nur sechs Mitglieder. Am Abend des 22. Januar wurde dann eine Videokonferenz mit sieben Mitgliedern abgehalten. Bevor es an die Besprechung der Bilder ging, wurde \u00fcber den Stand der laufenden Mitgliederausstellung in Haus Seel gesprochen. Die Ausstellung wird von vielen Besuchern als sehr gelungen gelobt. Bis zum 18. Januar wurden insgesamt \u00fcber 400 Besucher gez\u00e4hlt. Durch die Bilderschau \u201eRum\u00e4nien\u201c von J\u00f6rg Nordhausen am kommenden Sonntag um 17 Uhr und auch die Finnisage am 1. Februar sollte die Ausstellung noch einige weitere Besucher anziehen. Schon jetzt kann man sagen, dass die Ausstellung ein voller Erfolg in diesem Jahr wird. Danach ging es an die Besprechung der Bilder. Sieger des Wettbewerbs wurde Hans-Georg Walbergs mit dem Beitrag \u201eBraunes Feld\u201c, Platz zwei ging an das Werk \u201eThe brass company\u201c von Kruno Schmidt und den dritten Platz belegte das Werk von Hermann Werner Schmidt mit dem Titel \u201eElla Bay, Telegraph Cove, BC\u201c. Herzlichen Gl\u00fcckwunsch!\u00a0<\/p>\n\n\n\n<p>Der n\u00e4chste Papier-Wettbewerb (BdM SchwarzWeiss) findet wieder als Pr\u00e4senzveranstaltung in unserem Vereinsraum statt. Dazu sind alle Mitglieder f\u00fcr den Freitag, den 30. Januar um 20 Uhr, sehr herzlich eingeladen.<\/p>\n","protected":false},"excerpt":{"rendered":"<p>Am 22. Januar fand unser BdM Online statt. Es nahmen neun Mitglieder mit ihren Bildern an dem Wettbewerb teil. Abgestimmt haben leider [&hellip;]<\/p>\n","protected":false},"author":2,"featured_media":0,"comment_status":"closed","ping_status":"open","sticky":false,"template":"","format":"standard","meta":{"_jetpack_memberships_contains_paid_content":false,"footnotes":""},"categories":[15,17,3,26],"tags":[],"class_list":["post-24868","post","type-post","status-publish","format-standard","hentry","category-ausstellung","category-bdm-projektion","category-bild-des-monats","category-online-bdm"],"jetpack_featured_media_url":"","jetpack_sharing_enabled":true,"_links":{"self":[{"href":"https:\/\/fotokreis-siegen.de\/index.php?rest_route=\/wp\/v2\/posts\/24868","targetHints":{"allow":["GET"]}}],"collection":[{"href":"https:\/\/fotokreis-siegen.de\/index.php?rest_route=\/wp\/v2\/posts"}],"about":[{"href":"https:\/\/fotokreis-siegen.de\/index.php?rest_route=\/wp\/v2\/types\/post"}],"author":[{"embeddable":true,"href":"https:\/\/fotokreis-siegen.de\/index.php?rest_route=\/wp\/v2\/users\/2"}],"replies":[{"embeddable":true,"href":"https:\/\/fotokreis-siegen.de\/index.php?rest_route=%2Fwp%2Fv2%2Fcomments&post=24868"}],"version-history":[{"count":3,"href":"https:\/\/fotokreis-siegen.de\/index.php?rest_route=\/wp\/v2\/posts\/24868\/revisions"}],"predecessor-version":[{"id":24871,"href":"https:\/\/fotokreis-siegen.de\/index.php?rest_route=\/wp\/v2\/posts\/24868\/revisions\/24871"}],"wp:attachment":[{"href":"https:\/\/fotokreis-siegen.de\/index.php?rest_route=%2Fwp%2Fv2%2Fmedia&parent=24868"}],"wp:term":[{"taxonomy":"category","embeddable":true,"href":"https:\/\/fotokreis-siegen.de\/index.php?rest_route=%2Fwp%2Fv2%2Fcategories&post=24868"},{"taxonomy":"post_tag","embeddable":true,"href":"https:\/\/fotokreis-siegen.de\/index.php?rest_route=%2Fwp%2Fv2%2Ftags&post=24868"}],"curies":[{"name":"wp","href":"https:\/\/api.w.org\/{rel}","templated":true}]}}