{"id":24818,"date":"2026-01-18T13:17:35","date_gmt":"2026-01-18T12:17:35","guid":{"rendered":"https:\/\/fotokreis-siegen.de\/?p=24818"},"modified":"2026-01-18T13:17:38","modified_gmt":"2026-01-18T12:17:38","slug":"bdm-color-vom-16-januar","status":"publish","type":"post","link":"https:\/\/fotokreis-siegen.de\/?p=24818","title":{"rendered":"BdM Color vom 16. Januar"},"content":{"rendered":"\n<figure class=\"wp-block-image aligncenter size-large is-resized\"><img fetchpriority=\"high\" decoding=\"async\" width=\"683\" height=\"1024\" src=\"http:\/\/fotokreis-siegen.de\/wp-content\/uploads\/2026\/01\/20260116-06-683x1024.jpg\" alt=\"\" class=\"wp-image-24804\" style=\"width:auto;height:600px\" srcset=\"https:\/\/fotokreis-siegen.de\/wp-content\/uploads\/2026\/01\/20260116-06-683x1024.jpg 683w, https:\/\/fotokreis-siegen.de\/wp-content\/uploads\/2026\/01\/20260116-06-200x300.jpg 200w, https:\/\/fotokreis-siegen.de\/wp-content\/uploads\/2026\/01\/20260116-06-230x345.jpg 230w, https:\/\/fotokreis-siegen.de\/wp-content\/uploads\/2026\/01\/20260116-06-350x525.jpg 350w, https:\/\/fotokreis-siegen.de\/wp-content\/uploads\/2026\/01\/20260116-06-480x720.jpg 480w, https:\/\/fotokreis-siegen.de\/wp-content\/uploads\/2026\/01\/20260116-06.jpg 720w\" sizes=\"(max-width: 683px) 100vw, 683px\" \/><figcaption class=\"wp-element-caption\">Kruno Schmidt (EFIAP) &#8211; Old taxi driver<\/figcaption><\/figure>\n\n\n\n<p>Am 16. Januar fand unseren erster BdM Color des Jahres in unseren Vereinr\u00e4umen statt. An dem Abend fanden sieben Mitglieder den Weg in unseren Clubraum, au\u00dferdem konnten wir einen neuen Gast begr\u00fc\u00dfen. Am Wettbewerb haben sich sechs Mitglieder beteiligt. Zuerst wurde kurz \u00fcber die Veranstaltung vom Donnerstag gesprochen. Lt. des Vorstandes ist die Veranstaltung sehr gut angekommen und auch die Besucherzahl von ca. 50 kann sich sehen lassen. dann ging es an die Bewertung und Besprechnung der Beitr\u00e4ge. Abgestimmt haben alle anwesenden sieben Mitglieder. Die Qualit\u00e4t der eingereichten Werke zeigte sich auch in der recht hohen Durchnittsbewertung und auch die Bewertungen lagen recht eng zusammen. Sieger des Wettbewerbs wurde der Beitrag von Kruno Schmidt mit dem Titel \u201eOld taxi driver\u201c. Auf dem zweiten Platz folgte der Beitrag von Tanja Wagener mit dem Titel \u201eBasilikus Kathedrale\u201c. Der dritte Platz ging an Christian Scheerer mit dem Beitrag \u201eSpiegelfant\u201c. Herzlichen Gl\u00fcckwunsch!<\/p>\n\n\n\n<p>F\u00fcr den kommenden Wettbewerb (BdM Online), der als Online BdM am kommenden Donnerstag (22. Januar) stattfindet, werden alle Mitglieder per Rundmail informiert. Bei den Online BdM Einsendungen aber vor allem auch den Abstimmungen k\u00f6nnen selbstverst\u00e4ndlich alle unsere Mitglieder mitmachen.<\/p>\n\n\n\n<p><\/p>\n","protected":false},"excerpt":{"rendered":"<p>Am 16. Januar fand unseren erster BdM Color des Jahres in unseren Vereinr\u00e4umen statt. An dem Abend fanden sieben Mitglieder den Weg [&hellip;]<\/p>\n","protected":false},"author":2,"featured_media":0,"comment_status":"closed","ping_status":"open","sticky":false,"template":"","format":"standard","meta":{"_jetpack_memberships_contains_paid_content":false,"footnotes":""},"categories":[10,3],"tags":[],"class_list":["post-24818","post","type-post","status-publish","format-standard","hentry","category-bdm-color","category-bild-des-monats"],"jetpack_featured_media_url":"","jetpack_sharing_enabled":true,"_links":{"self":[{"href":"https:\/\/fotokreis-siegen.de\/index.php?rest_route=\/wp\/v2\/posts\/24818","targetHints":{"allow":["GET"]}}],"collection":[{"href":"https:\/\/fotokreis-siegen.de\/index.php?rest_route=\/wp\/v2\/posts"}],"about":[{"href":"https:\/\/fotokreis-siegen.de\/index.php?rest_route=\/wp\/v2\/types\/post"}],"author":[{"embeddable":true,"href":"https:\/\/fotokreis-siegen.de\/index.php?rest_route=\/wp\/v2\/users\/2"}],"replies":[{"embeddable":true,"href":"https:\/\/fotokreis-siegen.de\/index.php?rest_route=%2Fwp%2Fv2%2Fcomments&post=24818"}],"version-history":[{"count":2,"href":"https:\/\/fotokreis-siegen.de\/index.php?rest_route=\/wp\/v2\/posts\/24818\/revisions"}],"predecessor-version":[{"id":24820,"href":"https:\/\/fotokreis-siegen.de\/index.php?rest_route=\/wp\/v2\/posts\/24818\/revisions\/24820"}],"wp:attachment":[{"href":"https:\/\/fotokreis-siegen.de\/index.php?rest_route=%2Fwp%2Fv2%2Fmedia&parent=24818"}],"wp:term":[{"taxonomy":"category","embeddable":true,"href":"https:\/\/fotokreis-siegen.de\/index.php?rest_route=%2Fwp%2Fv2%2Fcategories&post=24818"},{"taxonomy":"post_tag","embeddable":true,"href":"https:\/\/fotokreis-siegen.de\/index.php?rest_route=%2Fwp%2Fv2%2Ftags&post=24818"}],"curies":[{"name":"wp","href":"https:\/\/api.w.org\/{rel}","templated":true}]}}