{"id":23495,"date":"2025-02-19T23:24:39","date_gmt":"2025-02-19T22:24:39","guid":{"rendered":"https:\/\/fotokreis-siegen.de\/?p=23495"},"modified":"2025-02-19T23:25:15","modified_gmt":"2025-02-19T22:25:15","slug":"bdm-color-vom-14-februar-2","status":"publish","type":"post","link":"https:\/\/fotokreis-siegen.de\/?p=23495","title":{"rendered":"BdM Color vom 14. Februar"},"content":{"rendered":"\n<figure class=\"wp-block-image size-large\"><img fetchpriority=\"high\" decoding=\"async\" width=\"1024\" height=\"687\" src=\"http:\/\/fotokreis-siegen.de\/wp-content\/uploads\/2025\/02\/202504147-05-1024x687.jpg\" alt=\"\" class=\"wp-image-23450\" srcset=\"https:\/\/fotokreis-siegen.de\/wp-content\/uploads\/2025\/02\/202504147-05-1024x687.jpg 1024w, https:\/\/fotokreis-siegen.de\/wp-content\/uploads\/2025\/02\/202504147-05-300x201.jpg 300w, https:\/\/fotokreis-siegen.de\/wp-content\/uploads\/2025\/02\/202504147-05-768x516.jpg 768w, https:\/\/fotokreis-siegen.de\/wp-content\/uploads\/2025\/02\/202504147-05-1536x1031.jpg 1536w, https:\/\/fotokreis-siegen.de\/wp-content\/uploads\/2025\/02\/202504147-05-1000x671.jpg 1000w, https:\/\/fotokreis-siegen.de\/wp-content\/uploads\/2025\/02\/202504147-05-230x154.jpg 230w, https:\/\/fotokreis-siegen.de\/wp-content\/uploads\/2025\/02\/202504147-05-350x235.jpg 350w, https:\/\/fotokreis-siegen.de\/wp-content\/uploads\/2025\/02\/202504147-05-480x322.jpg 480w, https:\/\/fotokreis-siegen.de\/wp-content\/uploads\/2025\/02\/202504147-05.jpg 1609w\" sizes=\"(max-width: 1024px) 100vw, 1024px\" \/><figcaption class=\"wp-element-caption\">Hermann Geppert &#8211; Weinkeller-Kloster Eberbach<\/figcaption><\/figure>\n\n\n\n<p>Am 14. Februar fand unseren BdM Color als Pr\u00e4senzveranstaltung in unseren Vereinsr\u00e4umen statt. An dem Abend fanden leider nur vier Mitglieder den Weg in unseren Clubraum. Am Wettbewerb haben sich f\u00fcnf Mitglieder mit Papierbeitr\u00e4gen beteiligt, zwei in Abwesenheit. Abgestimmt haben alle anwesenden Mitglieder und jedes der Bilder sehr ausf\u00fchrlich besprochen. Sieger des Wettbewerbs wurde der Beitrag von Hermann Geppert mit dem Titel \u201eWeinkeller-Kloster Eberbach\u201c. Herzlichen Gl\u00fcckwunsch!<\/p>\n\n\n\n<p>F\u00fcr den kommenden Wettbewerb (BdM Thema \u201eWinter\u201c), der als Online BdM am Donnerstag, 20. Februar, stattfindet, werden alle Mitglieder per Rundmail informiert. Bei den Online BdM Einsendungen aber vor allem auch den Abstimmungen k\u00f6nnen selbstverst\u00e4ndlich alle unsere Mitglieder mitmachen.<\/p>\n","protected":false},"excerpt":{"rendered":"<p>Am 14. Februar fand unseren BdM Color als Pr\u00e4senzveranstaltung in unseren Vereinsr\u00e4umen statt. An dem Abend fanden leider nur vier Mitglieder den [&hellip;]<\/p>\n","protected":false},"author":2,"featured_media":0,"comment_status":"closed","ping_status":"open","sticky":false,"template":"","format":"standard","meta":{"_jetpack_memberships_contains_paid_content":false,"footnotes":""},"categories":[10,3],"tags":[],"class_list":["post-23495","post","type-post","status-publish","format-standard","hentry","category-bdm-color","category-bild-des-monats"],"jetpack_featured_media_url":"","jetpack_sharing_enabled":true,"_links":{"self":[{"href":"https:\/\/fotokreis-siegen.de\/index.php?rest_route=\/wp\/v2\/posts\/23495","targetHints":{"allow":["GET"]}}],"collection":[{"href":"https:\/\/fotokreis-siegen.de\/index.php?rest_route=\/wp\/v2\/posts"}],"about":[{"href":"https:\/\/fotokreis-siegen.de\/index.php?rest_route=\/wp\/v2\/types\/post"}],"author":[{"embeddable":true,"href":"https:\/\/fotokreis-siegen.de\/index.php?rest_route=\/wp\/v2\/users\/2"}],"replies":[{"embeddable":true,"href":"https:\/\/fotokreis-siegen.de\/index.php?rest_route=%2Fwp%2Fv2%2Fcomments&post=23495"}],"version-history":[{"count":2,"href":"https:\/\/fotokreis-siegen.de\/index.php?rest_route=\/wp\/v2\/posts\/23495\/revisions"}],"predecessor-version":[{"id":23497,"href":"https:\/\/fotokreis-siegen.de\/index.php?rest_route=\/wp\/v2\/posts\/23495\/revisions\/23497"}],"wp:attachment":[{"href":"https:\/\/fotokreis-siegen.de\/index.php?rest_route=%2Fwp%2Fv2%2Fmedia&parent=23495"}],"wp:term":[{"taxonomy":"category","embeddable":true,"href":"https:\/\/fotokreis-siegen.de\/index.php?rest_route=%2Fwp%2Fv2%2Fcategories&post=23495"},{"taxonomy":"post_tag","embeddable":true,"href":"https:\/\/fotokreis-siegen.de\/index.php?rest_route=%2Fwp%2Fv2%2Ftags&post=23495"}],"curies":[{"name":"wp","href":"https:\/\/api.w.org\/{rel}","templated":true}]}}