{"id":23446,"date":"2025-02-12T22:59:44","date_gmt":"2025-02-12T21:59:44","guid":{"rendered":"https:\/\/fotokreis-siegen.de\/?p=23446"},"modified":"2025-02-12T22:59:47","modified_gmt":"2025-02-12T21:59:47","slug":"bdm-online-am-6-februar","status":"publish","type":"post","link":"https:\/\/fotokreis-siegen.de\/?p=23446","title":{"rendered":"BdM Online am 6. Februar"},"content":{"rendered":"\n<figure class=\"wp-block-image aligncenter size-large is-resized\"><img fetchpriority=\"high\" decoding=\"async\" width=\"1024\" height=\"1024\" src=\"https:\/\/fotokreis-siegen.de\/wp-content\/uploads\/2025\/02\/20250206-11-1024x1024.jpg\" alt=\"\" class=\"wp-image-23393\" style=\"width:auto;height:600px\" srcset=\"https:\/\/fotokreis-siegen.de\/wp-content\/uploads\/2025\/02\/20250206-11-1024x1024.jpg 1024w, https:\/\/fotokreis-siegen.de\/wp-content\/uploads\/2025\/02\/20250206-11-300x300.jpg 300w, https:\/\/fotokreis-siegen.de\/wp-content\/uploads\/2025\/02\/20250206-11-150x150.jpg 150w, https:\/\/fotokreis-siegen.de\/wp-content\/uploads\/2025\/02\/20250206-11-768x768.jpg 768w, https:\/\/fotokreis-siegen.de\/wp-content\/uploads\/2025\/02\/20250206-11-1000x1000.jpg 1000w, https:\/\/fotokreis-siegen.de\/wp-content\/uploads\/2025\/02\/20250206-11-230x230.jpg 230w, https:\/\/fotokreis-siegen.de\/wp-content\/uploads\/2025\/02\/20250206-11-350x350.jpg 350w, https:\/\/fotokreis-siegen.de\/wp-content\/uploads\/2025\/02\/20250206-11-480x480.jpg 480w, https:\/\/fotokreis-siegen.de\/wp-content\/uploads\/2025\/02\/20250206-11.jpg 1080w\" sizes=\"(max-width: 1024px) 100vw, 1024px\" \/><figcaption class=\"wp-element-caption\">Rainer Genehr &#8211; Springender Delphin<\/figcaption><\/figure>\n\n\n\n<p>Am Donnerstag, den 6. Februar, fand der BdM Online statt. Es nahmen dreizehn Mitglieder mit ihren Bildern an dem Wettbewerb teil. Abgestimmt haben zw\u00f6lf Mitglieder. Am Abend des 6. Februar wurde dann eine Videokonferenz mit zehn Mitgliedern abgehalten. Auf eine Frage \u00fcber die Zahl der Besucher der Jahresausstellung, berichtete Kruno, dass offiziell 685 Besucher die Ausstellung besucht haben. Da es ansonsten nichts Wichtiges zu besprechen gab, ging es an die Bewertungen und Besprechung der Bilder. Sieger des Wettbewerbs wurde Rainer Genehr mit dem Beitrag \u201eSpringender Delphin\u201c. Herzlichen Gl\u00fcckwunsch!\u00a0<\/p>\n\n\n\n<p>Der n\u00e4chste Papier-Wettbewerb (BdM Color) findet wieder als Pr\u00e4senzveranstaltung in unserem Vereinsraum statt. Dazu sind alle Mitglieder f\u00fcr den kommenden Freitag, den 14. Februar um 20 Uhr, sehr herzlich eingeladen.<\/p>\n","protected":false},"excerpt":{"rendered":"<p>Am Donnerstag, den 6. Februar, fand der BdM Online statt. Es nahmen dreizehn Mitglieder mit ihren Bildern an dem Wettbewerb teil. Abgestimmt [&hellip;]<\/p>\n","protected":false},"author":2,"featured_media":0,"comment_status":"closed","ping_status":"open","sticky":false,"template":"","format":"standard","meta":{"_jetpack_memberships_contains_paid_content":false,"footnotes":""},"categories":[17,3,26,16],"tags":[],"class_list":["post-23446","post","type-post","status-publish","format-standard","hentry","category-bdm-projektion","category-bild-des-monats","category-online-bdm","category-veranstaltungen"],"jetpack_featured_media_url":"","jetpack_sharing_enabled":true,"_links":{"self":[{"href":"https:\/\/fotokreis-siegen.de\/index.php?rest_route=\/wp\/v2\/posts\/23446","targetHints":{"allow":["GET"]}}],"collection":[{"href":"https:\/\/fotokreis-siegen.de\/index.php?rest_route=\/wp\/v2\/posts"}],"about":[{"href":"https:\/\/fotokreis-siegen.de\/index.php?rest_route=\/wp\/v2\/types\/post"}],"author":[{"embeddable":true,"href":"https:\/\/fotokreis-siegen.de\/index.php?rest_route=\/wp\/v2\/users\/2"}],"replies":[{"embeddable":true,"href":"https:\/\/fotokreis-siegen.de\/index.php?rest_route=%2Fwp%2Fv2%2Fcomments&post=23446"}],"version-history":[{"count":3,"href":"https:\/\/fotokreis-siegen.de\/index.php?rest_route=\/wp\/v2\/posts\/23446\/revisions"}],"predecessor-version":[{"id":23449,"href":"https:\/\/fotokreis-siegen.de\/index.php?rest_route=\/wp\/v2\/posts\/23446\/revisions\/23449"}],"wp:attachment":[{"href":"https:\/\/fotokreis-siegen.de\/index.php?rest_route=%2Fwp%2Fv2%2Fmedia&parent=23446"}],"wp:term":[{"taxonomy":"category","embeddable":true,"href":"https:\/\/fotokreis-siegen.de\/index.php?rest_route=%2Fwp%2Fv2%2Fcategories&post=23446"},{"taxonomy":"post_tag","embeddable":true,"href":"https:\/\/fotokreis-siegen.de\/index.php?rest_route=%2Fwp%2Fv2%2Ftags&post=23446"}],"curies":[{"name":"wp","href":"https:\/\/api.w.org\/{rel}","templated":true}]}}