{"id":23262,"date":"2025-01-07T16:22:46","date_gmt":"2025-01-07T15:22:46","guid":{"rendered":"https:\/\/fotokreis-siegen.de\/?p=23262"},"modified":"2025-01-07T16:22:47","modified_gmt":"2025-01-07T15:22:47","slug":"mitgliederausstellung-2025","status":"publish","type":"post","link":"https:\/\/fotokreis-siegen.de\/?p=23262","title":{"rendered":"Mitgliederausstellung 2025"},"content":{"rendered":"\n<figure class=\"wp-block-image aligncenter size-medium is-resized\"><img fetchpriority=\"high\" decoding=\"async\" width=\"213\" height=\"300\" src=\"https:\/\/fotokreis-siegen.de\/wp-content\/uploads\/2024\/12\/FKS_Plakat_2025-213x300.jpg\" alt=\"\" class=\"wp-image-23243\" style=\"width:400px\" srcset=\"https:\/\/fotokreis-siegen.de\/wp-content\/uploads\/2024\/12\/FKS_Plakat_2025-213x300.jpg 213w, https:\/\/fotokreis-siegen.de\/wp-content\/uploads\/2024\/12\/FKS_Plakat_2025-726x1024.jpg 726w, https:\/\/fotokreis-siegen.de\/wp-content\/uploads\/2024\/12\/FKS_Plakat_2025-230x324.jpg 230w, https:\/\/fotokreis-siegen.de\/wp-content\/uploads\/2024\/12\/FKS_Plakat_2025-350x493.jpg 350w, https:\/\/fotokreis-siegen.de\/wp-content\/uploads\/2024\/12\/FKS_Plakat_2025-480x677.jpg 480w, https:\/\/fotokreis-siegen.de\/wp-content\/uploads\/2024\/12\/FKS_Plakat_2025.jpg 766w\" sizes=\"(max-width: 213px) 100vw, 213px\" \/><\/figure>\n\n\n\n<p>Liebe Fotofreundinnen, liebe Fotofreunde aus Nah und Fern,<\/p>\n\n\n\n<p>,<strong>Deutschland Impressionen<\/strong>\u2018 \u2013 unter diesem Titel zeigen 18 Fotografinnen und Fotografen des Fotokreis Siegen rund 100 Arbeiten aus verschiedenen Regionen, aber auch thematischen Eigenheiten unseres Landes. Den Zusatz ,Impressionen\u2018 haben wir gew\u00e4hlt, da es uns nat\u00fcrlich unm\u00f6glich ist Deutschland in all seinen Facetten zu zeigen.<\/p>\n\n\n\n<p>Es ist vielmehr eine Zusammenstellung aus Motiven, die wir auf unseren Reisen durch unser Land gefunden und fotografiert haben. Es sind nicht die gro\u00dfen Metropolen, sondern die vielen oft besonderen Orte und Landschaften, die charakteristisch f\u00fcr Deutschland sind.<\/p>\n\n\n\n<p>Unsere Reise beginnt im Norden am Wattenmeer und endet im S\u00fcden an der Alpenkette des Allg\u00e4u. Und auch von West nach Ost f\u00fchrten uns unsere Reisen, immer mit dem Ziel unser Land zu erfahren, uns unser Bild zu machen.<\/p>\n\n\n\n<p>Die&nbsp;<strong>Vernissage<\/strong>&nbsp;zu unserer Ausstellung findet am&nbsp;<strong>Donnerstag, 9. Januar 2025 ab 19.00 Uhr<\/strong>&nbsp;statt.<\/p>\n\n\n\n<p><strong>Adresse des Veranstaltungsortes<\/strong>:&nbsp;&nbsp;St\u00e4dtischen Galerie Haus Seel, Kornmarkt 20, 57072 Siegen<br>Ge\u00f6ffnet: Di &#8211; Sa 14 &#8211; 18 Uhr, So 11 &#8211; 13 u. 14 &#8211; 18 Uhr<\/p>\n","protected":false},"excerpt":{"rendered":"<p>Liebe Fotofreundinnen, liebe Fotofreunde aus Nah und Fern, ,Deutschland Impressionen\u2018 \u2013 unter diesem Titel zeigen 18 Fotografinnen und Fotografen des Fotokreis Siegen [&hellip;]<\/p>\n","protected":false},"author":2,"featured_media":0,"comment_status":"closed","ping_status":"open","sticky":false,"template":"","format":"standard","meta":{"_jetpack_memberships_contains_paid_content":false,"footnotes":""},"categories":[15,16,14],"tags":[],"class_list":["post-23262","post","type-post","status-publish","format-standard","hentry","category-ausstellung","category-veranstaltungen","category-verein"],"jetpack_featured_media_url":"","jetpack_sharing_enabled":true,"_links":{"self":[{"href":"https:\/\/fotokreis-siegen.de\/index.php?rest_route=\/wp\/v2\/posts\/23262","targetHints":{"allow":["GET"]}}],"collection":[{"href":"https:\/\/fotokreis-siegen.de\/index.php?rest_route=\/wp\/v2\/posts"}],"about":[{"href":"https:\/\/fotokreis-siegen.de\/index.php?rest_route=\/wp\/v2\/types\/post"}],"author":[{"embeddable":true,"href":"https:\/\/fotokreis-siegen.de\/index.php?rest_route=\/wp\/v2\/users\/2"}],"replies":[{"embeddable":true,"href":"https:\/\/fotokreis-siegen.de\/index.php?rest_route=%2Fwp%2Fv2%2Fcomments&post=23262"}],"version-history":[{"count":1,"href":"https:\/\/fotokreis-siegen.de\/index.php?rest_route=\/wp\/v2\/posts\/23262\/revisions"}],"predecessor-version":[{"id":23263,"href":"https:\/\/fotokreis-siegen.de\/index.php?rest_route=\/wp\/v2\/posts\/23262\/revisions\/23263"}],"wp:attachment":[{"href":"https:\/\/fotokreis-siegen.de\/index.php?rest_route=%2Fwp%2Fv2%2Fmedia&parent=23262"}],"wp:term":[{"taxonomy":"category","embeddable":true,"href":"https:\/\/fotokreis-siegen.de\/index.php?rest_route=%2Fwp%2Fv2%2Fcategories&post=23262"},{"taxonomy":"post_tag","embeddable":true,"href":"https:\/\/fotokreis-siegen.de\/index.php?rest_route=%2Fwp%2Fv2%2Ftags&post=23262"}],"curies":[{"name":"wp","href":"https:\/\/api.w.org\/{rel}","templated":true}]}}