{"id":23093,"date":"2024-10-23T21:22:35","date_gmt":"2024-10-23T20:22:35","guid":{"rendered":"https:\/\/fotokreis-siegen.de\/?p=23093"},"modified":"2024-10-23T21:22:36","modified_gmt":"2024-10-23T20:22:36","slug":"bdm-color-vom-18-oktober","status":"publish","type":"post","link":"https:\/\/fotokreis-siegen.de\/?p=23093","title":{"rendered":"BdM Color vom 18. Oktober"},"content":{"rendered":"\n<figure class=\"wp-block-image aligncenter size-large is-resized\"><img fetchpriority=\"high\" decoding=\"async\" width=\"828\" height=\"1024\" src=\"http:\/\/fotokreis-siegen.de\/wp-content\/uploads\/2024\/10\/20241018-02-828x1024.jpg\" alt=\"\" class=\"wp-image-23058\" style=\"width:auto;height:700px\" srcset=\"https:\/\/fotokreis-siegen.de\/wp-content\/uploads\/2024\/10\/20241018-02-828x1024.jpg 828w, https:\/\/fotokreis-siegen.de\/wp-content\/uploads\/2024\/10\/20241018-02-243x300.jpg 243w, https:\/\/fotokreis-siegen.de\/wp-content\/uploads\/2024\/10\/20241018-02-768x950.jpg 768w, https:\/\/fotokreis-siegen.de\/wp-content\/uploads\/2024\/10\/20241018-02-230x285.jpg 230w, https:\/\/fotokreis-siegen.de\/wp-content\/uploads\/2024\/10\/20241018-02-350x433.jpg 350w, https:\/\/fotokreis-siegen.de\/wp-content\/uploads\/2024\/10\/20241018-02-480x594.jpg 480w, https:\/\/fotokreis-siegen.de\/wp-content\/uploads\/2024\/10\/20241018-02.jpg 873w\" sizes=\"(max-width: 828px) 100vw, 828px\" \/><figcaption class=\"wp-element-caption\">Kruno Schmidt (EFIAP) &#8211; Achim<\/figcaption><\/figure>\n\n\n\n<p>Am 18. Oktober fand unseren BdM Color als Pr\u00e4senzveranstaltung in unseren Vereinr\u00e4umen statt. An dem Abend fanden neun Mitglieder den Weg in unseren Clubraum. Zuerst hat Kruno alle Teilnehmer gebeten die Bildbeitr\u00e4ge f\u00fcr Haus Seel p\u00fcnktlich abzugeben. Dann ging es an die Bewertung der Bilder. Am Wettbewerb haben sich sieben Mitglieder mit Papierbeitr\u00e4gen beteiligt. Abgestimmt haben alle anwesenden Mitglieder und jedes der Bilder sehr ausf\u00fchrlich besprochen. Sieger des Wettbewerbs wurde der Beitrag von Kruno Schmidt mit dem Titel \u201eAchim\u201c. Herzlichen Gl\u00fcckwunsch!<\/p>\n\n\n\n<p>F\u00fcr den kommenden Wettbewerb (BdM Thema \u201eFarbenfroh\u201c), der als Online BdM am Donnerstag, 24. Oktober, stattfindet, werden alle Mitglieder per Rundmail informiert. Bei den Online BdM Einsendungen aber vor allem auch den Abstimmungen k\u00f6nnen selbstverst\u00e4ndlich alle unsere Mitglieder mitmachen.<\/p>\n","protected":false},"excerpt":{"rendered":"<p>Am 18. Oktober fand unseren BdM Color als Pr\u00e4senzveranstaltung in unseren Vereinr\u00e4umen statt. An dem Abend fanden neun Mitglieder den Weg in [&hellip;]<\/p>\n","protected":false},"author":2,"featured_media":0,"comment_status":"closed","ping_status":"open","sticky":false,"template":"","format":"standard","meta":{"_jetpack_memberships_contains_paid_content":false,"footnotes":""},"categories":[10,3],"tags":[],"class_list":["post-23093","post","type-post","status-publish","format-standard","hentry","category-bdm-color","category-bild-des-monats"],"jetpack_featured_media_url":"","jetpack_sharing_enabled":true,"_links":{"self":[{"href":"https:\/\/fotokreis-siegen.de\/index.php?rest_route=\/wp\/v2\/posts\/23093","targetHints":{"allow":["GET"]}}],"collection":[{"href":"https:\/\/fotokreis-siegen.de\/index.php?rest_route=\/wp\/v2\/posts"}],"about":[{"href":"https:\/\/fotokreis-siegen.de\/index.php?rest_route=\/wp\/v2\/types\/post"}],"author":[{"embeddable":true,"href":"https:\/\/fotokreis-siegen.de\/index.php?rest_route=\/wp\/v2\/users\/2"}],"replies":[{"embeddable":true,"href":"https:\/\/fotokreis-siegen.de\/index.php?rest_route=%2Fwp%2Fv2%2Fcomments&post=23093"}],"version-history":[{"count":2,"href":"https:\/\/fotokreis-siegen.de\/index.php?rest_route=\/wp\/v2\/posts\/23093\/revisions"}],"predecessor-version":[{"id":23095,"href":"https:\/\/fotokreis-siegen.de\/index.php?rest_route=\/wp\/v2\/posts\/23093\/revisions\/23095"}],"wp:attachment":[{"href":"https:\/\/fotokreis-siegen.de\/index.php?rest_route=%2Fwp%2Fv2%2Fmedia&parent=23093"}],"wp:term":[{"taxonomy":"category","embeddable":true,"href":"https:\/\/fotokreis-siegen.de\/index.php?rest_route=%2Fwp%2Fv2%2Fcategories&post=23093"},{"taxonomy":"post_tag","embeddable":true,"href":"https:\/\/fotokreis-siegen.de\/index.php?rest_route=%2Fwp%2Fv2%2Ftags&post=23093"}],"curies":[{"name":"wp","href":"https:\/\/api.w.org\/{rel}","templated":true}]}}