{"id":23053,"date":"2024-10-14T21:23:51","date_gmt":"2024-10-14T20:23:51","guid":{"rendered":"https:\/\/fotokreis-siegen.de\/?p=23053"},"modified":"2024-10-14T21:23:52","modified_gmt":"2024-10-14T20:23:52","slug":"bdm-online-vom-10-oktober","status":"publish","type":"post","link":"https:\/\/fotokreis-siegen.de\/?p=23053","title":{"rendered":"BdM Online vom 10. Oktober"},"content":{"rendered":"\n<figure class=\"wp-block-image size-large\"><img fetchpriority=\"high\" decoding=\"async\" width=\"1024\" height=\"656\" src=\"http:\/\/fotokreis-siegen.de\/wp-content\/uploads\/2024\/10\/20241010-13-1024x656.jpg\" alt=\"\" class=\"wp-image-23021\" srcset=\"https:\/\/fotokreis-siegen.de\/wp-content\/uploads\/2024\/10\/20241010-13-1024x656.jpg 1024w, https:\/\/fotokreis-siegen.de\/wp-content\/uploads\/2024\/10\/20241010-13-300x192.jpg 300w, https:\/\/fotokreis-siegen.de\/wp-content\/uploads\/2024\/10\/20241010-13-768x492.jpg 768w, https:\/\/fotokreis-siegen.de\/wp-content\/uploads\/2024\/10\/20241010-13-1536x984.jpg 1536w, https:\/\/fotokreis-siegen.de\/wp-content\/uploads\/2024\/10\/20241010-13-1000x641.jpg 1000w, https:\/\/fotokreis-siegen.de\/wp-content\/uploads\/2024\/10\/20241010-13-230x147.jpg 230w, https:\/\/fotokreis-siegen.de\/wp-content\/uploads\/2024\/10\/20241010-13-350x224.jpg 350w, https:\/\/fotokreis-siegen.de\/wp-content\/uploads\/2024\/10\/20241010-13-480x308.jpg 480w, https:\/\/fotokreis-siegen.de\/wp-content\/uploads\/2024\/10\/20241010-13.jpg 1685w\" sizes=\"(max-width: 1024px) 100vw, 1024px\" \/><figcaption class=\"wp-element-caption\">Kruno Schmidt (EFIAP) &#8211; New European Square<\/figcaption><\/figure>\n\n\n\n<p>Am Donnerstag, den 10. Oktober, fand der BdM Online statt. Es nahmen dreizehn Mitglieder mit ihren Bildern an dem Wettbewerb teil. Abgestimmt haben zehn Mitglieder. Am Abend des 10. Oktober wurde dann eine Videokonferenz in kleiner Runde mit nur sechs Mitgliedern abgehalten. Da es nichts Wichtiges zu besprechen gab, ging es an die Bewertungen und Besprechung der Bilder. Sieger des Wettbewerbs wurde Kruno Schmidt mit dem Beitrag \u201eNew European Square\u201c. Herzlichen Gl\u00fcckwunsch!\u00a0<\/p>\n\n\n\n<p>Der n\u00e4chste Papier-Wettbewerb (BdM Color) findet wieder als Pr\u00e4senzveranstaltung in unserem Vereinsraum statt. Dazu sind alle Mitglieder f\u00fcr den kommenden Freitag, den 18. Oktober um 20 Uhr, sehr herzlich eingeladen.<\/p>\n","protected":false},"excerpt":{"rendered":"<p>Am Donnerstag, den 10. Oktober, fand der BdM Online statt. Es nahmen dreizehn Mitglieder mit ihren Bildern an dem Wettbewerb teil. Abgestimmt [&hellip;]<\/p>\n","protected":false},"author":2,"featured_media":0,"comment_status":"closed","ping_status":"open","sticky":false,"template":"","format":"standard","meta":{"_jetpack_memberships_contains_paid_content":false,"footnotes":""},"categories":[17,3,26],"tags":[],"class_list":["post-23053","post","type-post","status-publish","format-standard","hentry","category-bdm-projektion","category-bild-des-monats","category-online-bdm"],"jetpack_featured_media_url":"","jetpack_sharing_enabled":true,"_links":{"self":[{"href":"https:\/\/fotokreis-siegen.de\/index.php?rest_route=\/wp\/v2\/posts\/23053","targetHints":{"allow":["GET"]}}],"collection":[{"href":"https:\/\/fotokreis-siegen.de\/index.php?rest_route=\/wp\/v2\/posts"}],"about":[{"href":"https:\/\/fotokreis-siegen.de\/index.php?rest_route=\/wp\/v2\/types\/post"}],"author":[{"embeddable":true,"href":"https:\/\/fotokreis-siegen.de\/index.php?rest_route=\/wp\/v2\/users\/2"}],"replies":[{"embeddable":true,"href":"https:\/\/fotokreis-siegen.de\/index.php?rest_route=%2Fwp%2Fv2%2Fcomments&post=23053"}],"version-history":[{"count":1,"href":"https:\/\/fotokreis-siegen.de\/index.php?rest_route=\/wp\/v2\/posts\/23053\/revisions"}],"predecessor-version":[{"id":23054,"href":"https:\/\/fotokreis-siegen.de\/index.php?rest_route=\/wp\/v2\/posts\/23053\/revisions\/23054"}],"wp:attachment":[{"href":"https:\/\/fotokreis-siegen.de\/index.php?rest_route=%2Fwp%2Fv2%2Fmedia&parent=23053"}],"wp:term":[{"taxonomy":"category","embeddable":true,"href":"https:\/\/fotokreis-siegen.de\/index.php?rest_route=%2Fwp%2Fv2%2Fcategories&post=23053"},{"taxonomy":"post_tag","embeddable":true,"href":"https:\/\/fotokreis-siegen.de\/index.php?rest_route=%2Fwp%2Fv2%2Ftags&post=23053"}],"curies":[{"name":"wp","href":"https:\/\/api.w.org\/{rel}","templated":true}]}}