{"id":22998,"date":"2024-09-23T18:39:50","date_gmt":"2024-09-23T17:39:50","guid":{"rendered":"https:\/\/fotokreis-siegen.de\/?p=22998"},"modified":"2024-09-23T18:41:12","modified_gmt":"2024-09-23T17:41:12","slug":"bdm-schwarzweiss-vom-20-september","status":"publish","type":"post","link":"https:\/\/fotokreis-siegen.de\/?p=22998","title":{"rendered":"BdM SchwarzWeiss vom 20. September"},"content":{"rendered":"\n<figure class=\"wp-block-image size-large\"><img fetchpriority=\"high\" decoding=\"async\" width=\"1024\" height=\"672\" src=\"http:\/\/fotokreis-siegen.de\/wp-content\/uploads\/2024\/09\/20240920-02-1024x672.jpg\" alt=\"\" class=\"wp-image-22982\" srcset=\"https:\/\/fotokreis-siegen.de\/wp-content\/uploads\/2024\/09\/20240920-02-1024x672.jpg 1024w, https:\/\/fotokreis-siegen.de\/wp-content\/uploads\/2024\/09\/20240920-02-300x197.jpg 300w, https:\/\/fotokreis-siegen.de\/wp-content\/uploads\/2024\/09\/20240920-02-768x504.jpg 768w, https:\/\/fotokreis-siegen.de\/wp-content\/uploads\/2024\/09\/20240920-02-1536x1008.jpg 1536w, https:\/\/fotokreis-siegen.de\/wp-content\/uploads\/2024\/09\/20240920-02-1000x656.jpg 1000w, https:\/\/fotokreis-siegen.de\/wp-content\/uploads\/2024\/09\/20240920-02-230x151.jpg 230w, https:\/\/fotokreis-siegen.de\/wp-content\/uploads\/2024\/09\/20240920-02-350x230.jpg 350w, https:\/\/fotokreis-siegen.de\/wp-content\/uploads\/2024\/09\/20240920-02-480x315.jpg 480w, https:\/\/fotokreis-siegen.de\/wp-content\/uploads\/2024\/09\/20240920-02.jpg 1646w\" sizes=\"(max-width: 1024px) 100vw, 1024px\" \/><figcaption class=\"wp-element-caption\">J\u00f6rg Nordhausen &#8211; Festung ,Grauer Ort\u2018<\/figcaption><\/figure>\n\n\n\n<p>Am 20. September fand unseren BdM SchwarzWeiss in unseren Vereinr\u00e4umen statt. An dem Abend fanden neun Mitglieder den Weg in unseren Clubraum. Am Wettbewerb haben sich sechs Mitglieder beteiligt. Zuerst gab Kruno uns einen kurzen Bericht \u00fcber die Landesfotoschau. Dann ging es an die Bewertung der Beitr\u00e4ge. Abgestimmt haben alle anwesenden neun Mitglieder. Sieger des Wettbewerbs wurde der Beitrag von J\u00f6rg Nordhausen mit dem Titel \u201eFestung ,Grauer Ort\u2018\u201c. Herzlichen Gl\u00fcckwunsch!<\/p>\n\n\n\n<p>Kommenden Freitag treffen wir uns online f\u00fcr die erste Besprechung und Abstimmung unserer Jahresausstellung im Hans Seel im kommenden Jahr. Ob der Freitag (4. Oktober) in der kommenden Woche als ZBV Abend genutzt wird, wird noch bekanntgegeben. F\u00fcr den kommenden Wettbewerb (BdM Online), der als Online BdM erst am 10. Oktober stattfindet, werden alle Mitglieder per Rundmail informiert. Bei den Online BdM Einsendungen aber vor allem auch den Abstimmungen k\u00f6nnen selbstverst\u00e4ndlich alle unsere Mitglieder mitmachen.<\/p>\n","protected":false},"excerpt":{"rendered":"<p>Am 20. September fand unseren BdM SchwarzWeiss in unseren Vereinr\u00e4umen statt. An dem Abend fanden neun Mitglieder den Weg in unseren Clubraum. [&hellip;]<\/p>\n","protected":false},"author":2,"featured_media":0,"comment_status":"closed","ping_status":"open","sticky":false,"template":"","format":"standard","meta":{"_jetpack_memberships_contains_paid_content":false,"footnotes":""},"categories":[11,3,16,14],"tags":[],"class_list":["post-22998","post","type-post","status-publish","format-standard","hentry","category-bdm-sw","category-bild-des-monats","category-veranstaltungen","category-verein"],"jetpack_featured_media_url":"","jetpack_sharing_enabled":true,"_links":{"self":[{"href":"https:\/\/fotokreis-siegen.de\/index.php?rest_route=\/wp\/v2\/posts\/22998","targetHints":{"allow":["GET"]}}],"collection":[{"href":"https:\/\/fotokreis-siegen.de\/index.php?rest_route=\/wp\/v2\/posts"}],"about":[{"href":"https:\/\/fotokreis-siegen.de\/index.php?rest_route=\/wp\/v2\/types\/post"}],"author":[{"embeddable":true,"href":"https:\/\/fotokreis-siegen.de\/index.php?rest_route=\/wp\/v2\/users\/2"}],"replies":[{"embeddable":true,"href":"https:\/\/fotokreis-siegen.de\/index.php?rest_route=%2Fwp%2Fv2%2Fcomments&post=22998"}],"version-history":[{"count":2,"href":"https:\/\/fotokreis-siegen.de\/index.php?rest_route=\/wp\/v2\/posts\/22998\/revisions"}],"predecessor-version":[{"id":23000,"href":"https:\/\/fotokreis-siegen.de\/index.php?rest_route=\/wp\/v2\/posts\/22998\/revisions\/23000"}],"wp:attachment":[{"href":"https:\/\/fotokreis-siegen.de\/index.php?rest_route=%2Fwp%2Fv2%2Fmedia&parent=22998"}],"wp:term":[{"taxonomy":"category","embeddable":true,"href":"https:\/\/fotokreis-siegen.de\/index.php?rest_route=%2Fwp%2Fv2%2Fcategories&post=22998"},{"taxonomy":"post_tag","embeddable":true,"href":"https:\/\/fotokreis-siegen.de\/index.php?rest_route=%2Fwp%2Fv2%2Ftags&post=22998"}],"curies":[{"name":"wp","href":"https:\/\/api.w.org\/{rel}","templated":true}]}}