{"id":22837,"date":"2024-08-21T22:29:04","date_gmt":"2024-08-21T21:29:04","guid":{"rendered":"https:\/\/fotokreis-siegen.de\/?p=22837"},"modified":"2024-08-21T22:29:05","modified_gmt":"2024-08-21T21:29:05","slug":"bdm-thema-deutschland-vom-15-august","status":"publish","type":"post","link":"https:\/\/fotokreis-siegen.de\/?p=22837","title":{"rendered":"BdM Thema \u201eDeutschland\u201c vom 15. August"},"content":{"rendered":"\n<figure class=\"wp-block-image size-large\"><img fetchpriority=\"high\" decoding=\"async\" width=\"1024\" height=\"683\" src=\"http:\/\/fotokreis-siegen.de\/wp-content\/uploads\/2024\/08\/20240815-01-1024x683.jpg\" alt=\"\" class=\"wp-image-22790\" srcset=\"https:\/\/fotokreis-siegen.de\/wp-content\/uploads\/2024\/08\/20240815-01-1024x683.jpg 1024w, https:\/\/fotokreis-siegen.de\/wp-content\/uploads\/2024\/08\/20240815-01-300x200.jpg 300w, https:\/\/fotokreis-siegen.de\/wp-content\/uploads\/2024\/08\/20240815-01-768x512.jpg 768w, https:\/\/fotokreis-siegen.de\/wp-content\/uploads\/2024\/08\/20240815-01-1536x1024.jpg 1536w, https:\/\/fotokreis-siegen.de\/wp-content\/uploads\/2024\/08\/20240815-01-1000x667.jpg 1000w, https:\/\/fotokreis-siegen.de\/wp-content\/uploads\/2024\/08\/20240815-01-230x153.jpg 230w, https:\/\/fotokreis-siegen.de\/wp-content\/uploads\/2024\/08\/20240815-01-350x233.jpg 350w, https:\/\/fotokreis-siegen.de\/wp-content\/uploads\/2024\/08\/20240815-01-480x320.jpg 480w, https:\/\/fotokreis-siegen.de\/wp-content\/uploads\/2024\/08\/20240815-01.jpg 1620w\" sizes=\"(max-width: 1024px) 100vw, 1024px\" \/><figcaption class=\"wp-element-caption\">J\u00f6rg Nordhausen &#8211; Burg Hohnstein<\/figcaption><\/figure>\n\n\n\n<p>Am 15. August fand unser BdM Thema als Online BdM statt. Es nahmen elf Mitglieder am Wettbewerb teil. Abgestimmt haben elf Mitglieder. Am Abend des 15. August wurde dann eine Videokonferenz abgehalten. Wie bei vielen Themen BdMs, lagen die Meinungen durchaus weit auseinander. Sieger des Wettbewerbs wurde J\u00f6rg Nordhausen mit dem Beitrag \u201eBurg Hohnstein\u201c. Herzlichen Gl\u00fcckwunsch!\u00a0<\/p>\n\n\n\n<p>Der n\u00e4chste Papier-Wettbewerb (BdM SchwarzWeiss) findet wieder als Pr\u00e4senzveranstaltung in unserem Vereinsraum statt. Dazu sind alle Mitglieder f\u00fcr den kommenden Freitag um 20 Uhr sehr herzlich eingeladen.<\/p>\n","protected":false},"excerpt":{"rendered":"<p>Am 15. August fand unser BdM Thema als Online BdM statt. Es nahmen elf Mitglieder am Wettbewerb teil. Abgestimmt haben elf Mitglieder. [&hellip;]<\/p>\n","protected":false},"author":2,"featured_media":0,"comment_status":"closed","ping_status":"open","sticky":false,"template":"","format":"standard","meta":{"_jetpack_memberships_contains_paid_content":false,"footnotes":""},"categories":[12,3,26],"tags":[],"class_list":["post-22837","post","type-post","status-publish","format-standard","hentry","category-bdm-thema","category-bild-des-monats","category-online-bdm"],"jetpack_featured_media_url":"","jetpack_sharing_enabled":true,"_links":{"self":[{"href":"https:\/\/fotokreis-siegen.de\/index.php?rest_route=\/wp\/v2\/posts\/22837","targetHints":{"allow":["GET"]}}],"collection":[{"href":"https:\/\/fotokreis-siegen.de\/index.php?rest_route=\/wp\/v2\/posts"}],"about":[{"href":"https:\/\/fotokreis-siegen.de\/index.php?rest_route=\/wp\/v2\/types\/post"}],"author":[{"embeddable":true,"href":"https:\/\/fotokreis-siegen.de\/index.php?rest_route=\/wp\/v2\/users\/2"}],"replies":[{"embeddable":true,"href":"https:\/\/fotokreis-siegen.de\/index.php?rest_route=%2Fwp%2Fv2%2Fcomments&post=22837"}],"version-history":[{"count":3,"href":"https:\/\/fotokreis-siegen.de\/index.php?rest_route=\/wp\/v2\/posts\/22837\/revisions"}],"predecessor-version":[{"id":22840,"href":"https:\/\/fotokreis-siegen.de\/index.php?rest_route=\/wp\/v2\/posts\/22837\/revisions\/22840"}],"wp:attachment":[{"href":"https:\/\/fotokreis-siegen.de\/index.php?rest_route=%2Fwp%2Fv2%2Fmedia&parent=22837"}],"wp:term":[{"taxonomy":"category","embeddable":true,"href":"https:\/\/fotokreis-siegen.de\/index.php?rest_route=%2Fwp%2Fv2%2Fcategories&post=22837"},{"taxonomy":"post_tag","embeddable":true,"href":"https:\/\/fotokreis-siegen.de\/index.php?rest_route=%2Fwp%2Fv2%2Ftags&post=22837"}],"curies":[{"name":"wp","href":"https:\/\/api.w.org\/{rel}","templated":true}]}}