{"id":22390,"date":"2024-06-02T22:37:13","date_gmt":"2024-06-02T21:37:13","guid":{"rendered":"https:\/\/fotokreis-siegen.de\/?p=22390"},"modified":"2024-06-02T22:37:53","modified_gmt":"2024-06-02T21:37:53","slug":"bdm-schwarzweiss-vom-31-mai","status":"publish","type":"post","link":"https:\/\/fotokreis-siegen.de\/?p=22390","title":{"rendered":"BdM SchwarzWeiss vom 31. Mai"},"content":{"rendered":"\n<figure class=\"wp-block-image size-large\"><img fetchpriority=\"high\" decoding=\"async\" width=\"1024\" height=\"665\" src=\"http:\/\/fotokreis-siegen.de\/wp-content\/uploads\/2024\/06\/20240531-02-1024x665.jpg\" alt=\"\" class=\"wp-image-22380\" srcset=\"https:\/\/fotokreis-siegen.de\/wp-content\/uploads\/2024\/06\/20240531-02-1024x665.jpg 1024w, https:\/\/fotokreis-siegen.de\/wp-content\/uploads\/2024\/06\/20240531-02-300x195.jpg 300w, https:\/\/fotokreis-siegen.de\/wp-content\/uploads\/2024\/06\/20240531-02-768x498.jpg 768w, https:\/\/fotokreis-siegen.de\/wp-content\/uploads\/2024\/06\/20240531-02-1536x997.jpg 1536w, https:\/\/fotokreis-siegen.de\/wp-content\/uploads\/2024\/06\/20240531-02-1000x649.jpg 1000w, https:\/\/fotokreis-siegen.de\/wp-content\/uploads\/2024\/06\/20240531-02-230x149.jpg 230w, https:\/\/fotokreis-siegen.de\/wp-content\/uploads\/2024\/06\/20240531-02-350x227.jpg 350w, https:\/\/fotokreis-siegen.de\/wp-content\/uploads\/2024\/06\/20240531-02-480x312.jpg 480w, https:\/\/fotokreis-siegen.de\/wp-content\/uploads\/2024\/06\/20240531-02.jpg 1920w\" sizes=\"(max-width: 1024px) 100vw, 1024px\" \/><figcaption class=\"wp-element-caption\">J\u00f6rg Nordhausen &#8211; Alter F\u00e4hranleger<\/figcaption><\/figure>\n\n\n\n<p>Am 31. Mai fand unseren BdM SchwarzWeiss in unseren frisch renovierten Vereinr\u00e4umen statt. An dem Abend fanden zehn Mitglieder den Weg in unseren Clubraum. Am Wettbewerb haben sich acht Mitglieder beteiligt. Zuerst sprachen wir \u00fcber die Renovierung in der letzten Woche und Kruno dankte allen Mitgliedern, die an den zwei Tagen tatkr\u00e4fting beim Aufr\u00e4umen und Anstrichen geholfen haben. Dann ging es an die Bewertung der Beitr\u00e4ge. Abgestimmt haben alle anwesenden zehn Mitglieder. Sieger des Wettbewerbs wurde der Beitrag von J\u00f6rg Nordhausen mit dem Titel \u201eAlter F\u00e4hranleger\u201c. Herzlichen Gl\u00fcckwunsch!<\/p>\n\n\n\n<p>F\u00fcr den kommenden Wettbewerb (BdM Online), der als Online BdM erst am 7. Juni stattfindet, werden alle Mitglieder per Rundmail informiert. Bei den Online BdM Einsendungen aber vor allem auch den Abstimmungen k\u00f6nnen selbstverst\u00e4ndlich alle unsere Mitglieder mitmachen.<\/p>\n","protected":false},"excerpt":{"rendered":"<p>Am 31. Mai fand unseren BdM SchwarzWeiss in unseren frisch renovierten Vereinr\u00e4umen statt. An dem Abend fanden zehn Mitglieder den Weg in [&hellip;]<\/p>\n","protected":false},"author":2,"featured_media":0,"comment_status":"closed","ping_status":"open","sticky":false,"template":"","format":"standard","meta":{"_jetpack_memberships_contains_paid_content":false,"footnotes":""},"categories":[11,3,14],"tags":[],"class_list":["post-22390","post","type-post","status-publish","format-standard","hentry","category-bdm-sw","category-bild-des-monats","category-verein"],"jetpack_featured_media_url":"","jetpack_sharing_enabled":true,"_links":{"self":[{"href":"https:\/\/fotokreis-siegen.de\/index.php?rest_route=\/wp\/v2\/posts\/22390","targetHints":{"allow":["GET"]}}],"collection":[{"href":"https:\/\/fotokreis-siegen.de\/index.php?rest_route=\/wp\/v2\/posts"}],"about":[{"href":"https:\/\/fotokreis-siegen.de\/index.php?rest_route=\/wp\/v2\/types\/post"}],"author":[{"embeddable":true,"href":"https:\/\/fotokreis-siegen.de\/index.php?rest_route=\/wp\/v2\/users\/2"}],"replies":[{"embeddable":true,"href":"https:\/\/fotokreis-siegen.de\/index.php?rest_route=%2Fwp%2Fv2%2Fcomments&post=22390"}],"version-history":[{"count":2,"href":"https:\/\/fotokreis-siegen.de\/index.php?rest_route=\/wp\/v2\/posts\/22390\/revisions"}],"predecessor-version":[{"id":22392,"href":"https:\/\/fotokreis-siegen.de\/index.php?rest_route=\/wp\/v2\/posts\/22390\/revisions\/22392"}],"wp:attachment":[{"href":"https:\/\/fotokreis-siegen.de\/index.php?rest_route=%2Fwp%2Fv2%2Fmedia&parent=22390"}],"wp:term":[{"taxonomy":"category","embeddable":true,"href":"https:\/\/fotokreis-siegen.de\/index.php?rest_route=%2Fwp%2Fv2%2Fcategories&post=22390"},{"taxonomy":"post_tag","embeddable":true,"href":"https:\/\/fotokreis-siegen.de\/index.php?rest_route=%2Fwp%2Fv2%2Ftags&post=22390"}],"curies":[{"name":"wp","href":"https:\/\/api.w.org\/{rel}","templated":true}]}}