{"id":22167,"date":"2024-04-07T10:34:26","date_gmt":"2024-04-07T09:34:26","guid":{"rendered":"https:\/\/fotokreis-siegen.de\/?p=22167"},"modified":"2024-04-07T10:34:26","modified_gmt":"2024-04-07T09:34:26","slug":"ausstellung-sehnsuchtsorte-in-dillenburg","status":"publish","type":"post","link":"https:\/\/fotokreis-siegen.de\/?p=22167","title":{"rendered":"Ausstellung \u201eSehnsuchtsorte\u201c in Dillenburg"},"content":{"rendered":"\n<figure class=\"wp-block-image size-large\"><img fetchpriority=\"high\" decoding=\"async\" width=\"1024\" height=\"664\" src=\"http:\/\/fotokreis-siegen.de\/wp-content\/uploads\/2023\/05\/20230505-05-1024x664.jpg\" alt=\"\" class=\"wp-image-21097\" srcset=\"https:\/\/fotokreis-siegen.de\/wp-content\/uploads\/2023\/05\/20230505-05-1024x664.jpg 1024w, https:\/\/fotokreis-siegen.de\/wp-content\/uploads\/2023\/05\/20230505-05-300x195.jpg 300w, https:\/\/fotokreis-siegen.de\/wp-content\/uploads\/2023\/05\/20230505-05-768x498.jpg 768w, https:\/\/fotokreis-siegen.de\/wp-content\/uploads\/2023\/05\/20230505-05-1536x996.jpg 1536w, https:\/\/fotokreis-siegen.de\/wp-content\/uploads\/2023\/05\/20230505-05-830x538.jpg 830w, https:\/\/fotokreis-siegen.de\/wp-content\/uploads\/2023\/05\/20230505-05-230x149.jpg 230w, https:\/\/fotokreis-siegen.de\/wp-content\/uploads\/2023\/05\/20230505-05-350x227.jpg 350w, https:\/\/fotokreis-siegen.de\/wp-content\/uploads\/2023\/05\/20230505-05-480x311.jpg 480w, https:\/\/fotokreis-siegen.de\/wp-content\/uploads\/2023\/05\/20230505-05.jpg 1600w\" sizes=\"(max-width: 1024px) 100vw, 1024px\" \/><figcaption class=\"wp-element-caption\">J\u00f6rg Nordhausen &#8211; In die Ferne<\/figcaption><\/figure>\n\n\n\n<p>Noch bis zum 31. Mai 2024 kann die Foto-Ausstellung \u201eSehnsuchtsorte &#8211; In der Welt zu Hause\u201c in der Villa Gr\u00fcn in Dillenburg besichtigt werden. Unter dem Thema \u201eSehnsuchtsorte &#8211; In der Welt zu Hause\u201c zeigen elf Fotografen, davon vier aus unserem Fotokreis, Orte, die den Fotografen besonders ans Herz gewachsen sind und besondere Erinnerungen wecken. <\/p>\n\n\n\n<p>Verteilt auf zwei R\u00e4ume im Erdgeschoss der Villa Gr\u00fcn werden rund hundert Bilder dem Publikum pr\u00e4sentiert. Die vier Fotografen aus unserem Fotokreis sind: J\u00f6rg Nordhausen, Kruno Schmidt, Rainer Genehr und Claudius Warzecha.<\/p>\n\n\n\n<p>Die Ausstellung ist bis Freitag, 31. Mai, t\u00e4glich (au\u00dfer montags), von 10 bis 12 Uhr und von 13 bis 17 Uhr ge\u00f6ffnet. Der Eintritt zur Ausstellung berechtigt auch zum Besuch der Dauerausstellung in der Villa Gr\u00fcn sowie dem Wilhelmsturm.<\/p>\n\n\n\n<p>Adresse: Villa Gr\u00fcn &#8211; Schlossberg 3 &#8211; 35683 Dillenburg<\/p>\n\n\n\n<p>Artikel in der Presse: <a href=\"https:\/\/www.mittelhessen.de\/lokales\/lahn-dill-kreis\/dillenburg\/elf-fotografen-zeigen-in-dillenburg-ihre-sehnsuchtsorte-3452381\">Mittelhessen<\/a><\/p>\n","protected":false},"excerpt":{"rendered":"<p>Noch bis zum 31. Mai 2024 kann die Foto-Ausstellung \u201eSehnsuchtsorte &#8211; In der Welt zu Hause\u201c in der Villa Gr\u00fcn in Dillenburg [&hellip;]<\/p>\n","protected":false},"author":2,"featured_media":0,"comment_status":"closed","ping_status":"open","sticky":false,"template":"","format":"standard","meta":{"_jetpack_memberships_contains_paid_content":false,"footnotes":""},"categories":[15,16],"tags":[],"class_list":["post-22167","post","type-post","status-publish","format-standard","hentry","category-ausstellung","category-veranstaltungen"],"jetpack_featured_media_url":"","jetpack_sharing_enabled":true,"_links":{"self":[{"href":"https:\/\/fotokreis-siegen.de\/index.php?rest_route=\/wp\/v2\/posts\/22167","targetHints":{"allow":["GET"]}}],"collection":[{"href":"https:\/\/fotokreis-siegen.de\/index.php?rest_route=\/wp\/v2\/posts"}],"about":[{"href":"https:\/\/fotokreis-siegen.de\/index.php?rest_route=\/wp\/v2\/types\/post"}],"author":[{"embeddable":true,"href":"https:\/\/fotokreis-siegen.de\/index.php?rest_route=\/wp\/v2\/users\/2"}],"replies":[{"embeddable":true,"href":"https:\/\/fotokreis-siegen.de\/index.php?rest_route=%2Fwp%2Fv2%2Fcomments&post=22167"}],"version-history":[{"count":8,"href":"https:\/\/fotokreis-siegen.de\/index.php?rest_route=\/wp\/v2\/posts\/22167\/revisions"}],"predecessor-version":[{"id":22175,"href":"https:\/\/fotokreis-siegen.de\/index.php?rest_route=\/wp\/v2\/posts\/22167\/revisions\/22175"}],"wp:attachment":[{"href":"https:\/\/fotokreis-siegen.de\/index.php?rest_route=%2Fwp%2Fv2%2Fmedia&parent=22167"}],"wp:term":[{"taxonomy":"category","embeddable":true,"href":"https:\/\/fotokreis-siegen.de\/index.php?rest_route=%2Fwp%2Fv2%2Fcategories&post=22167"},{"taxonomy":"post_tag","embeddable":true,"href":"https:\/\/fotokreis-siegen.de\/index.php?rest_route=%2Fwp%2Fv2%2Ftags&post=22167"}],"curies":[{"name":"wp","href":"https:\/\/api.w.org\/{rel}","templated":true}]}}