{"id":22090,"date":"2024-02-26T20:08:30","date_gmt":"2024-02-26T19:08:30","guid":{"rendered":"https:\/\/fotokreis-siegen.de\/?p=22090"},"modified":"2024-02-26T20:08:32","modified_gmt":"2024-02-26T19:08:32","slug":"bdm-thema-ecken-und-kanten-vom-16-februar","status":"publish","type":"post","link":"https:\/\/fotokreis-siegen.de\/?p=22090","title":{"rendered":"BdM Thema \u201eEcken und Kanten\u201c vom 16. Februar"},"content":{"rendered":"\n<figure class=\"wp-block-image size-large\"><img fetchpriority=\"high\" decoding=\"async\" width=\"1024\" height=\"632\" src=\"http:\/\/fotokreis-siegen.de\/wp-content\/uploads\/2024\/02\/20240216-10-1024x632.jpg\" alt=\"\" class=\"wp-image-22053\" srcset=\"https:\/\/fotokreis-siegen.de\/wp-content\/uploads\/2024\/02\/20240216-10-1024x632.jpg 1024w, https:\/\/fotokreis-siegen.de\/wp-content\/uploads\/2024\/02\/20240216-10-300x185.jpg 300w, https:\/\/fotokreis-siegen.de\/wp-content\/uploads\/2024\/02\/20240216-10-768x474.jpg 768w, https:\/\/fotokreis-siegen.de\/wp-content\/uploads\/2024\/02\/20240216-10-1536x948.jpg 1536w, https:\/\/fotokreis-siegen.de\/wp-content\/uploads\/2024\/02\/20240216-10-830x512.jpg 830w, https:\/\/fotokreis-siegen.de\/wp-content\/uploads\/2024\/02\/20240216-10-230x142.jpg 230w, https:\/\/fotokreis-siegen.de\/wp-content\/uploads\/2024\/02\/20240216-10-350x216.jpg 350w, https:\/\/fotokreis-siegen.de\/wp-content\/uploads\/2024\/02\/20240216-10-480x296.jpg 480w, https:\/\/fotokreis-siegen.de\/wp-content\/uploads\/2024\/02\/20240216-10.jpg 1750w\" sizes=\"(max-width: 1024px) 100vw, 1024px\" \/><figcaption class=\"wp-element-caption\">Kruno Schmidt (EFIAP) &#8211; Harpa Raykjavik<\/figcaption><\/figure>\n\n\n\n<p>Am 16. Februar fand unser BdM Thema als Online BdM statt. Es nahmen beachtliche dreizehn Mitglieder und unser Gast am Wettbewerb teil. Abgestimmt haben dreizehn Mitglieder. Am Abend des 16. Februar wurde dann eine Videokonferenz mit acht Mitgliedern und unserem Gast abgehalten. Nicht ganz einig war man sich, dass immer das Thema getroffen wurde, \u00fcber die Bilder wurde aber denoch ausf\u00fchrlich diskutiert. Wie bei vielen Themen BdMs, lagen die Meinungen durchaus weit auseinander. Sieger des Wettbewerbs wurde Kruno Schmidt mit dem Beitrag \u201eHarpa Raykjavik\u201c. Herzlichen Gl\u00fcckwunsch!\u00a0<\/p>\n\n\n\n<p>Der n\u00e4chste Papier-Wettbewerb (BdM SchwarzWeiss) findet wieder als Pr\u00e4senzveranstaltung in unserem Vereinsraum statt. Dazu sind alle Mitglieder f\u00fcr den kommenden Freitag um 20 Uhr sehr herzlich eingeladen.<\/p>\n","protected":false},"excerpt":{"rendered":"<p>Am 16. Februar fand unser BdM Thema als Online BdM statt. Es nahmen beachtliche dreizehn Mitglieder und unser Gast am Wettbewerb teil. [&hellip;]<\/p>\n","protected":false},"author":2,"featured_media":0,"comment_status":"closed","ping_status":"open","sticky":false,"template":"","format":"standard","meta":{"_jetpack_memberships_contains_paid_content":false,"footnotes":""},"categories":[12,3,26],"tags":[],"class_list":["post-22090","post","type-post","status-publish","format-standard","hentry","category-bdm-thema","category-bild-des-monats","category-online-bdm"],"jetpack_featured_media_url":"","jetpack_sharing_enabled":true,"_links":{"self":[{"href":"https:\/\/fotokreis-siegen.de\/index.php?rest_route=\/wp\/v2\/posts\/22090","targetHints":{"allow":["GET"]}}],"collection":[{"href":"https:\/\/fotokreis-siegen.de\/index.php?rest_route=\/wp\/v2\/posts"}],"about":[{"href":"https:\/\/fotokreis-siegen.de\/index.php?rest_route=\/wp\/v2\/types\/post"}],"author":[{"embeddable":true,"href":"https:\/\/fotokreis-siegen.de\/index.php?rest_route=\/wp\/v2\/users\/2"}],"replies":[{"embeddable":true,"href":"https:\/\/fotokreis-siegen.de\/index.php?rest_route=%2Fwp%2Fv2%2Fcomments&post=22090"}],"version-history":[{"count":4,"href":"https:\/\/fotokreis-siegen.de\/index.php?rest_route=\/wp\/v2\/posts\/22090\/revisions"}],"predecessor-version":[{"id":22094,"href":"https:\/\/fotokreis-siegen.de\/index.php?rest_route=\/wp\/v2\/posts\/22090\/revisions\/22094"}],"wp:attachment":[{"href":"https:\/\/fotokreis-siegen.de\/index.php?rest_route=%2Fwp%2Fv2%2Fmedia&parent=22090"}],"wp:term":[{"taxonomy":"category","embeddable":true,"href":"https:\/\/fotokreis-siegen.de\/index.php?rest_route=%2Fwp%2Fv2%2Fcategories&post=22090"},{"taxonomy":"post_tag","embeddable":true,"href":"https:\/\/fotokreis-siegen.de\/index.php?rest_route=%2Fwp%2Fv2%2Ftags&post=22090"}],"curies":[{"name":"wp","href":"https:\/\/api.w.org\/{rel}","templated":true}]}}