{"id":22088,"date":"2024-02-26T20:12:30","date_gmt":"2024-02-26T19:12:30","guid":{"rendered":"https:\/\/fotokreis-siegen.de\/?p=22088"},"modified":"2024-02-26T20:14:20","modified_gmt":"2024-02-26T19:14:20","slug":"bdm-schwarzweiss-vom-23-februar","status":"publish","type":"post","link":"https:\/\/fotokreis-siegen.de\/?p=22088","title":{"rendered":"BdM SchwarzWeiss vom 23. Februar"},"content":{"rendered":"\n<figure class=\"wp-block-image size-large\"><img fetchpriority=\"high\" decoding=\"async\" width=\"1024\" height=\"665\" src=\"http:\/\/fotokreis-siegen.de\/wp-content\/uploads\/2024\/02\/20240223-02-1024x665.jpg\" alt=\"\" class=\"wp-image-22080\" srcset=\"https:\/\/fotokreis-siegen.de\/wp-content\/uploads\/2024\/02\/20240223-02-1024x665.jpg 1024w, https:\/\/fotokreis-siegen.de\/wp-content\/uploads\/2024\/02\/20240223-02-300x195.jpg 300w, https:\/\/fotokreis-siegen.de\/wp-content\/uploads\/2024\/02\/20240223-02-768x498.jpg 768w, https:\/\/fotokreis-siegen.de\/wp-content\/uploads\/2024\/02\/20240223-02-1536x997.jpg 1536w, https:\/\/fotokreis-siegen.de\/wp-content\/uploads\/2024\/02\/20240223-02-830x539.jpg 830w, https:\/\/fotokreis-siegen.de\/wp-content\/uploads\/2024\/02\/20240223-02-230x149.jpg 230w, https:\/\/fotokreis-siegen.de\/wp-content\/uploads\/2024\/02\/20240223-02-350x227.jpg 350w, https:\/\/fotokreis-siegen.de\/wp-content\/uploads\/2024\/02\/20240223-02-480x312.jpg 480w, https:\/\/fotokreis-siegen.de\/wp-content\/uploads\/2024\/02\/20240223-02.jpg 1664w\" sizes=\"(max-width: 1024px) 100vw, 1024px\" \/><figcaption class=\"wp-element-caption\">J\u00f6rg Nordhausen &#8211; S\u00e4chsischen Schweiz<\/figcaption><\/figure>\n\n\n\n<p>Am 23. Februar fand unseren BdM SchwarzWeiss in unseren Vereinr\u00e4umen statt. An dem Abend fanden leider nur sieben Mitglieder den Weg in unseren Clubraum, wir konnten aber einen neuen Gast begr\u00fc\u00dfen. Am Wettbewerb haben sich f\u00fcnf Mitglieder, einer davon in Abwesenheit, mit ihren Papierbeitr\u00e4gen beteiligt. Da es aus dem Vorstand nicht viel Neues zu berichten gab, ging es gleich an die Bewertung. Dieses mal gab es zwei Motivschwerpunkte zu bestaunen: Bergwelten und B\u00e4ume. Abgestimmt haben alle siben anwesenden Mitglieder. Nach einer kritischen aber auch humorvollen Diskussion, bei der sich auch unser Gast rege beteiligt hat, stand der Sieger des Wettbewerbs fest. Der Beitrag von J\u00f6rg Nordhausen mit dem Titel \u201eS\u00e4chsischen Schweiz\u201c hat die h\u00f6chste Punktzahl erreicht. Herzlichen Gl\u00fcckwunsch!<\/p>\n\n\n\n<p>F\u00fcr den kommenden Wettbewerb (BdM Online), der als Online BDM stattfindet, werden alle Mitglieder per Rundmail informiert. Bei den Online BdM Einsendungen aber vor allem auch den Abstimmungen k\u00f6nnen selbstverst\u00e4ndlich alle unsere Mitglieder mitmachen.<\/p>\n","protected":false},"excerpt":{"rendered":"<p>Am 23. Februar fand unseren BdM SchwarzWeiss in unseren Vereinr\u00e4umen statt. An dem Abend fanden leider nur sieben Mitglieder den Weg in [&hellip;]<\/p>\n","protected":false},"author":2,"featured_media":0,"comment_status":"closed","ping_status":"open","sticky":false,"template":"","format":"standard","meta":{"_jetpack_memberships_contains_paid_content":false,"footnotes":""},"categories":[11,3],"tags":[],"class_list":["post-22088","post","type-post","status-publish","format-standard","hentry","category-bdm-sw","category-bild-des-monats"],"jetpack_featured_media_url":"","jetpack_sharing_enabled":true,"_links":{"self":[{"href":"https:\/\/fotokreis-siegen.de\/index.php?rest_route=\/wp\/v2\/posts\/22088","targetHints":{"allow":["GET"]}}],"collection":[{"href":"https:\/\/fotokreis-siegen.de\/index.php?rest_route=\/wp\/v2\/posts"}],"about":[{"href":"https:\/\/fotokreis-siegen.de\/index.php?rest_route=\/wp\/v2\/types\/post"}],"author":[{"embeddable":true,"href":"https:\/\/fotokreis-siegen.de\/index.php?rest_route=\/wp\/v2\/users\/2"}],"replies":[{"embeddable":true,"href":"https:\/\/fotokreis-siegen.de\/index.php?rest_route=%2Fwp%2Fv2%2Fcomments&post=22088"}],"version-history":[{"count":4,"href":"https:\/\/fotokreis-siegen.de\/index.php?rest_route=\/wp\/v2\/posts\/22088\/revisions"}],"predecessor-version":[{"id":22097,"href":"https:\/\/fotokreis-siegen.de\/index.php?rest_route=\/wp\/v2\/posts\/22088\/revisions\/22097"}],"wp:attachment":[{"href":"https:\/\/fotokreis-siegen.de\/index.php?rest_route=%2Fwp%2Fv2%2Fmedia&parent=22088"}],"wp:term":[{"taxonomy":"category","embeddable":true,"href":"https:\/\/fotokreis-siegen.de\/index.php?rest_route=%2Fwp%2Fv2%2Fcategories&post=22088"},{"taxonomy":"post_tag","embeddable":true,"href":"https:\/\/fotokreis-siegen.de\/index.php?rest_route=%2Fwp%2Fv2%2Ftags&post=22088"}],"curies":[{"name":"wp","href":"https:\/\/api.w.org\/{rel}","templated":true}]}}