{"id":21981,"date":"2024-01-30T17:58:52","date_gmt":"2024-01-30T16:58:52","guid":{"rendered":"https:\/\/fotokreis-siegen.de\/?p=21981"},"modified":"2024-01-30T17:58:54","modified_gmt":"2024-01-30T16:58:54","slug":"bdm-schwarzweiss-vom-26-januar","status":"publish","type":"post","link":"https:\/\/fotokreis-siegen.de\/?p=21981","title":{"rendered":"BdM SchwarzWeiss vom 26. Januar"},"content":{"rendered":"\n<figure class=\"wp-block-image size-large\"><img fetchpriority=\"high\" decoding=\"async\" width=\"1024\" height=\"754\" src=\"https:\/\/fotokreis-siegen.de\/wp-content\/uploads\/2024\/01\/20240126-01-1024x754.jpg\" alt=\"\" class=\"wp-image-21970\" srcset=\"https:\/\/fotokreis-siegen.de\/wp-content\/uploads\/2024\/01\/20240126-01-1024x754.jpg 1024w, https:\/\/fotokreis-siegen.de\/wp-content\/uploads\/2024\/01\/20240126-01-300x221.jpg 300w, https:\/\/fotokreis-siegen.de\/wp-content\/uploads\/2024\/01\/20240126-01-768x566.jpg 768w, https:\/\/fotokreis-siegen.de\/wp-content\/uploads\/2024\/01\/20240126-01-830x611.jpg 830w, https:\/\/fotokreis-siegen.de\/wp-content\/uploads\/2024\/01\/20240126-01-230x169.jpg 230w, https:\/\/fotokreis-siegen.de\/wp-content\/uploads\/2024\/01\/20240126-01-350x258.jpg 350w, https:\/\/fotokreis-siegen.de\/wp-content\/uploads\/2024\/01\/20240126-01-480x354.jpg 480w, https:\/\/fotokreis-siegen.de\/wp-content\/uploads\/2024\/01\/20240126-01.jpg 1466w\" sizes=\"(max-width: 1024px) 100vw, 1024px\" \/><figcaption class=\"wp-element-caption\">Kruno Schmidt (EFIAP) &#8211; Piksborg Bahnhof<\/figcaption><\/figure>\n\n\n\n<p>Am 26. Januar fand unseren BdM SchwarzWeiss in unseren Vereinr\u00e4umen statt. An dem Abend fanden neun Mitglieder den Weg in unseren Clubraum, auch konnten wir an diesem Abend zwei G\u00e4ste begr\u00fc\u00dfen. Am Wettbewerb haben sich neun Mitglieder, einer davon abwesend, beteiligt. Zuerst wurde \u00fcber die laufende Ausstellung im Haus Seel und die Resonanz gesprochen. Kruno konnte uns nicht die genaue Zahl nennen, aber gesch\u00e4tzt \u00fcber 400 interessierte Besucher haben die Ausstellung bereits besucht. Dann ging es an die Bewertung der zahlreichen und guten Beitr\u00e4ge. Abgestimmt haben alle anwesenden Mitglieder. Sieger des Wettbewerbs wurde der Beitrag von Kruno Schmidt mit dem Titel \u201ePiksborg Bahnhof\u201c. Herzlichen Gl\u00fcckwunsch!<\/p>\n\n\n\n<p>F\u00fcr den kommenden Wettbewerb (BdM Projektion), der als Online BdM erst am 2. Februar stattfindet, werden alle Mitglieder per Rundmail informiert. Bei den Online BdM Einsendungen aber vor allem auch den Abstimmungen k\u00f6nnen selbstverst\u00e4ndlich alle unsere Mitglieder mitmachen.<\/p>\n","protected":false},"excerpt":{"rendered":"<p>Am 26. Januar fand unseren BdM SchwarzWeiss in unseren Vereinr\u00e4umen statt. An dem Abend fanden neun Mitglieder den Weg in unseren Clubraum, [&hellip;]<\/p>\n","protected":false},"author":2,"featured_media":0,"comment_status":"closed","ping_status":"open","sticky":false,"template":"","format":"standard","meta":{"_jetpack_memberships_contains_paid_content":false,"footnotes":""},"categories":[11,3,16],"tags":[],"class_list":["post-21981","post","type-post","status-publish","format-standard","hentry","category-bdm-sw","category-bild-des-monats","category-veranstaltungen"],"jetpack_featured_media_url":"","jetpack_sharing_enabled":true,"_links":{"self":[{"href":"https:\/\/fotokreis-siegen.de\/index.php?rest_route=\/wp\/v2\/posts\/21981","targetHints":{"allow":["GET"]}}],"collection":[{"href":"https:\/\/fotokreis-siegen.de\/index.php?rest_route=\/wp\/v2\/posts"}],"about":[{"href":"https:\/\/fotokreis-siegen.de\/index.php?rest_route=\/wp\/v2\/types\/post"}],"author":[{"embeddable":true,"href":"https:\/\/fotokreis-siegen.de\/index.php?rest_route=\/wp\/v2\/users\/2"}],"replies":[{"embeddable":true,"href":"https:\/\/fotokreis-siegen.de\/index.php?rest_route=%2Fwp%2Fv2%2Fcomments&post=21981"}],"version-history":[{"count":3,"href":"https:\/\/fotokreis-siegen.de\/index.php?rest_route=\/wp\/v2\/posts\/21981\/revisions"}],"predecessor-version":[{"id":21984,"href":"https:\/\/fotokreis-siegen.de\/index.php?rest_route=\/wp\/v2\/posts\/21981\/revisions\/21984"}],"wp:attachment":[{"href":"https:\/\/fotokreis-siegen.de\/index.php?rest_route=%2Fwp%2Fv2%2Fmedia&parent=21981"}],"wp:term":[{"taxonomy":"category","embeddable":true,"href":"https:\/\/fotokreis-siegen.de\/index.php?rest_route=%2Fwp%2Fv2%2Fcategories&post=21981"},{"taxonomy":"post_tag","embeddable":true,"href":"https:\/\/fotokreis-siegen.de\/index.php?rest_route=%2Fwp%2Fv2%2Ftags&post=21981"}],"curies":[{"name":"wp","href":"https:\/\/api.w.org\/{rel}","templated":true}]}}