{"id":21967,"date":"2024-01-21T15:16:07","date_gmt":"2024-01-21T14:16:07","guid":{"rendered":"https:\/\/fotokreis-siegen.de\/?p=21967"},"modified":"2024-01-21T15:16:08","modified_gmt":"2024-01-21T14:16:08","slug":"bdm-color-vom-19-januar","status":"publish","type":"post","link":"https:\/\/fotokreis-siegen.de\/?p=21967","title":{"rendered":"BdM Color vom 19. Januar"},"content":{"rendered":"\n<figure class=\"wp-block-image size-large\"><img fetchpriority=\"high\" decoding=\"async\" width=\"1024\" height=\"492\" src=\"http:\/\/fotokreis-siegen.de\/wp-content\/uploads\/2024\/01\/20240119-01-1024x492.jpg\" alt=\"\" class=\"wp-image-21957\" srcset=\"https:\/\/fotokreis-siegen.de\/wp-content\/uploads\/2024\/01\/20240119-01-1024x492.jpg 1024w, https:\/\/fotokreis-siegen.de\/wp-content\/uploads\/2024\/01\/20240119-01-300x144.jpg 300w, https:\/\/fotokreis-siegen.de\/wp-content\/uploads\/2024\/01\/20240119-01-768x369.jpg 768w, https:\/\/fotokreis-siegen.de\/wp-content\/uploads\/2024\/01\/20240119-01-1536x738.jpg 1536w, https:\/\/fotokreis-siegen.de\/wp-content\/uploads\/2024\/01\/20240119-01-830x399.jpg 830w, https:\/\/fotokreis-siegen.de\/wp-content\/uploads\/2024\/01\/20240119-01-230x111.jpg 230w, https:\/\/fotokreis-siegen.de\/wp-content\/uploads\/2024\/01\/20240119-01-350x168.jpg 350w, https:\/\/fotokreis-siegen.de\/wp-content\/uploads\/2024\/01\/20240119-01-480x231.jpg 480w, https:\/\/fotokreis-siegen.de\/wp-content\/uploads\/2024\/01\/20240119-01.jpg 1920w\" sizes=\"(max-width: 1024px) 100vw, 1024px\" \/><figcaption class=\"wp-element-caption\">Kruno Schmidt (EFIAP) &#8211; Trupbacher Heide am fr\u00fchen Abend<\/figcaption><\/figure>\n\n\n\n<p>Am 19. Januar fand unser erster Papier-Wettbewerb, BdM Color, in unserem Vereinsraum statt. Es nahmen acht der zehn anwesenden Mitglieder mit ihren Bildern an dem Wettbewerb teil. Au\u00dferdem konnten wir ein Gast, der das erste Mal bei uns war, in unserer Runde begr\u00fc\u00dfen. Abgestimmt haben alle anwesenden Mitglieder. Zuerst berichtete Kruno, dass sie Ausstellung bei allen sehr positiv aufgenommen wurde und bereits weit mehr als 300 Besucher die Ausstellung besucht haben. Auch die Sonderveranstaltung \u201eUSA\u201c von Christian Scheerer hat trotz widrigen Wetters immerhin 28 Besucher angezogen. Anschlie\u00dfend ging es an die Bewertung der Bilder. Wie sehr oft wurden Bilder auf den hinteren Platzierungen ausf\u00fchrlicher besprochen. Bei Bilder, die weiter vorne lagen, fehlten oft die Worte. Sieger des Wettbewerbs wurde Kruno Schmidt mit dem Beitrag \u201eTrupbacher Heide am fr\u00fchen Abend\u201c. Herzlichen Gl\u00fcckwunsch!\u00a0<\/p>\n\n\n\n<p>Da im Januar, wegen der engen Termine rund um die Ausstellung, das BdM Thema entf\u00e4llt, findet am kommenden Freitag der Papier-Wettbewerb (BdM SchwarzWeiss) wieder als Pr\u00e4senzveranstaltung in unserem Vereinsraum statt. Dazu sind alle Mitglieder f\u00fcr den kommenden Freitag um 20 Uhr sehr herzlich eingeladen.<\/p>\n","protected":false},"excerpt":{"rendered":"<p>Am 19. Januar fand unser erster Papier-Wettbewerb, BdM Color, in unserem Vereinsraum statt. Es nahmen acht der zehn anwesenden Mitglieder mit ihren [&hellip;]<\/p>\n","protected":false},"author":2,"featured_media":0,"comment_status":"closed","ping_status":"open","sticky":false,"template":"","format":"standard","meta":{"_jetpack_memberships_contains_paid_content":false,"footnotes":""},"categories":[10,3],"tags":[],"class_list":["post-21967","post","type-post","status-publish","format-standard","hentry","category-bdm-color","category-bild-des-monats"],"jetpack_featured_media_url":"","jetpack_sharing_enabled":true,"_links":{"self":[{"href":"https:\/\/fotokreis-siegen.de\/index.php?rest_route=\/wp\/v2\/posts\/21967","targetHints":{"allow":["GET"]}}],"collection":[{"href":"https:\/\/fotokreis-siegen.de\/index.php?rest_route=\/wp\/v2\/posts"}],"about":[{"href":"https:\/\/fotokreis-siegen.de\/index.php?rest_route=\/wp\/v2\/types\/post"}],"author":[{"embeddable":true,"href":"https:\/\/fotokreis-siegen.de\/index.php?rest_route=\/wp\/v2\/users\/2"}],"replies":[{"embeddable":true,"href":"https:\/\/fotokreis-siegen.de\/index.php?rest_route=%2Fwp%2Fv2%2Fcomments&post=21967"}],"version-history":[{"count":1,"href":"https:\/\/fotokreis-siegen.de\/index.php?rest_route=\/wp\/v2\/posts\/21967\/revisions"}],"predecessor-version":[{"id":21968,"href":"https:\/\/fotokreis-siegen.de\/index.php?rest_route=\/wp\/v2\/posts\/21967\/revisions\/21968"}],"wp:attachment":[{"href":"https:\/\/fotokreis-siegen.de\/index.php?rest_route=%2Fwp%2Fv2%2Fmedia&parent=21967"}],"wp:term":[{"taxonomy":"category","embeddable":true,"href":"https:\/\/fotokreis-siegen.de\/index.php?rest_route=%2Fwp%2Fv2%2Fcategories&post=21967"},{"taxonomy":"post_tag","embeddable":true,"href":"https:\/\/fotokreis-siegen.de\/index.php?rest_route=%2Fwp%2Fv2%2Ftags&post=21967"}],"curies":[{"name":"wp","href":"https:\/\/api.w.org\/{rel}","templated":true}]}}