{"id":21920,"date":"2024-01-10T21:14:01","date_gmt":"2024-01-10T21:14:01","guid":{"rendered":"https:\/\/fotokreis-siegen.de\/?p=21920"},"modified":"2024-01-10T21:14:03","modified_gmt":"2024-01-10T21:14:03","slug":"bdm-online-vom-5-januar","status":"publish","type":"post","link":"https:\/\/fotokreis-siegen.de\/?p=21920","title":{"rendered":"BdM Online vom 5. Januar"},"content":{"rendered":"\n<figure class=\"wp-block-image size-large\"><img fetchpriority=\"high\" decoding=\"async\" width=\"1024\" height=\"685\" src=\"http:\/\/fotokreis-siegen.de\/wp-content\/uploads\/2024\/01\/20240105-11-1024x685.jpg\" alt=\"\" class=\"wp-image-21878\" srcset=\"https:\/\/fotokreis-siegen.de\/wp-content\/uploads\/2024\/01\/20240105-11-1024x685.jpg 1024w, https:\/\/fotokreis-siegen.de\/wp-content\/uploads\/2024\/01\/20240105-11-300x201.jpg 300w, https:\/\/fotokreis-siegen.de\/wp-content\/uploads\/2024\/01\/20240105-11-768x514.jpg 768w, https:\/\/fotokreis-siegen.de\/wp-content\/uploads\/2024\/01\/20240105-11-1536x1027.jpg 1536w, https:\/\/fotokreis-siegen.de\/wp-content\/uploads\/2024\/01\/20240105-11-830x555.jpg 830w, https:\/\/fotokreis-siegen.de\/wp-content\/uploads\/2024\/01\/20240105-11-230x154.jpg 230w, https:\/\/fotokreis-siegen.de\/wp-content\/uploads\/2024\/01\/20240105-11-350x234.jpg 350w, https:\/\/fotokreis-siegen.de\/wp-content\/uploads\/2024\/01\/20240105-11-480x321.jpg 480w, https:\/\/fotokreis-siegen.de\/wp-content\/uploads\/2024\/01\/20240105-11.jpg 1615w\" sizes=\"(max-width: 1024px) 100vw, 1024px\" \/><figcaption class=\"wp-element-caption\">Kruno Schmidt (EFIAP) &#8211; Abendliches Freudenberg zur Weihnachtszeit<\/figcaption><\/figure>\n\n\n\n<p>Am 5. Januar haben wir den ersten BdM-Wettbewerb des Jahres 2024, BdM Online, als Online BdM durchgef\u00fchrt. Es nahmen zw\u00f6lf Mitglieder mit ihren Bildern an dem Wettbewerb teil. Abgestimmt haben nur acht Mitglieder. Am Abend des 5. Januar wurde dann eine Videokonferenz mit elf Mitgliedern abgehalten. Zuerst teilte uns Kruno mit, dass wir mit Hans-Georg ein neues Mitglied in unserem Club begr\u00fc\u00dfen konnten. Nach den letzten Informationen zu unserer Austellung ging es an die Besprechung der Ergebnisse. Sieger des Wettbewerbs wurde Kruno Schmidt mit dem Beitrag \u201eAbendliches Freudenberg zur Weihnachtszeit\u201c. Herzlichen Gl\u00fcckwunsch!\u00a0<\/p>\n\n\n\n<p>Der n\u00e4chste Papier-Wettbewerb (BdM Color) findet am 19. Januar als Pr\u00e4senzveranstaltung in unserem Vereinsraum statt. Dazu sind alle Mitglieder f\u00fcr den kommenden Freitag um 20 Uhr sehr herzlich eingeladen. Am kommenden Donnerstag \u00f6ffnet unsere Mitgliederausstellung im Haus Seel um 19 Uhr mit der Vernissage. Mehr dazu gibt es <a href=\"https:\/\/fotokreis-siegen.de\/?page_id=19537\">hier<\/a>.<\/p>\n","protected":false},"excerpt":{"rendered":"<p>Am 5. Januar haben wir den ersten BdM-Wettbewerb des Jahres 2024, BdM Online, als Online BdM durchgef\u00fchrt. Es nahmen zw\u00f6lf Mitglieder mit [&hellip;]<\/p>\n","protected":false},"author":2,"featured_media":0,"comment_status":"closed","ping_status":"open","sticky":false,"template":"","format":"standard","meta":{"_jetpack_memberships_contains_paid_content":false,"footnotes":""},"categories":[17,3,26,16,14],"tags":[],"class_list":["post-21920","post","type-post","status-publish","format-standard","hentry","category-bdm-projektion","category-bild-des-monats","category-online-bdm","category-veranstaltungen","category-verein"],"jetpack_featured_media_url":"","jetpack_sharing_enabled":true,"_links":{"self":[{"href":"https:\/\/fotokreis-siegen.de\/index.php?rest_route=\/wp\/v2\/posts\/21920","targetHints":{"allow":["GET"]}}],"collection":[{"href":"https:\/\/fotokreis-siegen.de\/index.php?rest_route=\/wp\/v2\/posts"}],"about":[{"href":"https:\/\/fotokreis-siegen.de\/index.php?rest_route=\/wp\/v2\/types\/post"}],"author":[{"embeddable":true,"href":"https:\/\/fotokreis-siegen.de\/index.php?rest_route=\/wp\/v2\/users\/2"}],"replies":[{"embeddable":true,"href":"https:\/\/fotokreis-siegen.de\/index.php?rest_route=%2Fwp%2Fv2%2Fcomments&post=21920"}],"version-history":[{"count":5,"href":"https:\/\/fotokreis-siegen.de\/index.php?rest_route=\/wp\/v2\/posts\/21920\/revisions"}],"predecessor-version":[{"id":21925,"href":"https:\/\/fotokreis-siegen.de\/index.php?rest_route=\/wp\/v2\/posts\/21920\/revisions\/21925"}],"wp:attachment":[{"href":"https:\/\/fotokreis-siegen.de\/index.php?rest_route=%2Fwp%2Fv2%2Fmedia&parent=21920"}],"wp:term":[{"taxonomy":"category","embeddable":true,"href":"https:\/\/fotokreis-siegen.de\/index.php?rest_route=%2Fwp%2Fv2%2Fcategories&post=21920"},{"taxonomy":"post_tag","embeddable":true,"href":"https:\/\/fotokreis-siegen.de\/index.php?rest_route=%2Fwp%2Fv2%2Ftags&post=21920"}],"curies":[{"name":"wp","href":"https:\/\/api.w.org\/{rel}","templated":true}]}}