{"id":21657,"date":"2023-10-30T21:51:14","date_gmt":"2023-10-30T21:51:14","guid":{"rendered":"https:\/\/fotokreis-siegen.de\/?p=21657"},"modified":"2023-10-30T21:51:16","modified_gmt":"2023-10-30T21:51:16","slug":"bdm-thema-treppen-vom-27-oktober","status":"publish","type":"post","link":"https:\/\/fotokreis-siegen.de\/?p=21657","title":{"rendered":"BdM Thema \u201eTreppen\u201c vom 27. Oktober"},"content":{"rendered":"\n<figure class=\"wp-block-image aligncenter size-full is-resized\"><img fetchpriority=\"high\" decoding=\"async\" width=\"1080\" height=\"1920\" src=\"https:\/\/fotokreis-siegen.de\/wp-content\/uploads\/2023\/10\/20231027-05.jpg\" alt=\"\" class=\"wp-image-21637\" style=\"width:500px\" srcset=\"https:\/\/fotokreis-siegen.de\/wp-content\/uploads\/2023\/10\/20231027-05.jpg 1080w, https:\/\/fotokreis-siegen.de\/wp-content\/uploads\/2023\/10\/20231027-05-169x300.jpg 169w, https:\/\/fotokreis-siegen.de\/wp-content\/uploads\/2023\/10\/20231027-05-576x1024.jpg 576w, https:\/\/fotokreis-siegen.de\/wp-content\/uploads\/2023\/10\/20231027-05-768x1365.jpg 768w, https:\/\/fotokreis-siegen.de\/wp-content\/uploads\/2023\/10\/20231027-05-864x1536.jpg 864w, https:\/\/fotokreis-siegen.de\/wp-content\/uploads\/2023\/10\/20231027-05-830x1476.jpg 830w, https:\/\/fotokreis-siegen.de\/wp-content\/uploads\/2023\/10\/20231027-05-230x409.jpg 230w, https:\/\/fotokreis-siegen.de\/wp-content\/uploads\/2023\/10\/20231027-05-350x622.jpg 350w, https:\/\/fotokreis-siegen.de\/wp-content\/uploads\/2023\/10\/20231027-05-480x853.jpg 480w\" sizes=\"(max-width: 1080px) 100vw, 1080px\" \/><figcaption class=\"wp-element-caption\">Christian Feigs &#8211; Treppe Hotel Autohof<\/figcaption><\/figure>\n\n\n\n<p>Am 27. Oktober fand unser BdM Thema als Online BdM statt. Es nahmen zehn Mitglieder mit ihren Bildern an dem Wettbewerb teil. Abgestimmt haben zw\u00f6lf Mitglieder. Am Abend des 27. Oktober wurde dann eine Videokonferenz mit neun Mitgliedern und einem Gast abgehalten. Einig war man sich, dass das Thema von allen Teilnehmern getroffen wurde, \u00fcber die Bilder wurde aber denoch ausf\u00fchrlich diskutiert. Wie bei vielen Themen BdMs, lagen die Meinungen durchaus weit auseinander. Sieger des Wettbewerbs wurde Christian Feigs mit dem Beitrag \u201eTreppe Hotel Autohof\u201c. Herzlichen Gl\u00fcckwunsch!&nbsp;<\/p>\n\n\n\n<p>Der n\u00e4chste Papier-Wettbewerb (BdM SchwarzWeiss) findet wieder als Pr\u00e4senzveranstaltung in unserem Vereinsraum statt. Dazu sind alle Mitglieder f\u00fcr den kommenden Freitag um 20 Uhr sehr herzlich eingeladen.<\/p>\n","protected":false},"excerpt":{"rendered":"<p>Am 27. Oktober fand unser BdM Thema als Online BdM statt. Es nahmen zehn Mitglieder mit ihren Bildern an dem Wettbewerb teil. [&hellip;]<\/p>\n","protected":false},"author":2,"featured_media":0,"comment_status":"closed","ping_status":"open","sticky":false,"template":"","format":"standard","meta":{"_jetpack_memberships_contains_paid_content":false,"footnotes":""},"categories":[12,3,26],"tags":[],"class_list":["post-21657","post","type-post","status-publish","format-standard","hentry","category-bdm-thema","category-bild-des-monats","category-online-bdm"],"jetpack_featured_media_url":"","jetpack_sharing_enabled":true,"_links":{"self":[{"href":"https:\/\/fotokreis-siegen.de\/index.php?rest_route=\/wp\/v2\/posts\/21657","targetHints":{"allow":["GET"]}}],"collection":[{"href":"https:\/\/fotokreis-siegen.de\/index.php?rest_route=\/wp\/v2\/posts"}],"about":[{"href":"https:\/\/fotokreis-siegen.de\/index.php?rest_route=\/wp\/v2\/types\/post"}],"author":[{"embeddable":true,"href":"https:\/\/fotokreis-siegen.de\/index.php?rest_route=\/wp\/v2\/users\/2"}],"replies":[{"embeddable":true,"href":"https:\/\/fotokreis-siegen.de\/index.php?rest_route=%2Fwp%2Fv2%2Fcomments&post=21657"}],"version-history":[{"count":4,"href":"https:\/\/fotokreis-siegen.de\/index.php?rest_route=\/wp\/v2\/posts\/21657\/revisions"}],"predecessor-version":[{"id":21661,"href":"https:\/\/fotokreis-siegen.de\/index.php?rest_route=\/wp\/v2\/posts\/21657\/revisions\/21661"}],"wp:attachment":[{"href":"https:\/\/fotokreis-siegen.de\/index.php?rest_route=%2Fwp%2Fv2%2Fmedia&parent=21657"}],"wp:term":[{"taxonomy":"category","embeddable":true,"href":"https:\/\/fotokreis-siegen.de\/index.php?rest_route=%2Fwp%2Fv2%2Fcategories&post=21657"},{"taxonomy":"post_tag","embeddable":true,"href":"https:\/\/fotokreis-siegen.de\/index.php?rest_route=%2Fwp%2Fv2%2Ftags&post=21657"}],"curies":[{"name":"wp","href":"https:\/\/api.w.org\/{rel}","templated":true}]}}