{"id":21579,"date":"2023-10-01T18:07:26","date_gmt":"2023-10-01T18:07:26","guid":{"rendered":"https:\/\/fotokreis-siegen.de\/?p=21579"},"modified":"2023-10-01T18:07:28","modified_gmt":"2023-10-01T18:07:28","slug":"bdm-thema-siegen-online-vom-15-september","status":"publish","type":"post","link":"https:\/\/fotokreis-siegen.de\/?p=21579","title":{"rendered":"BdM Thema \u201eSiegen\u201c (Online) vom 15. September"},"content":{"rendered":"\n<figure class=\"wp-block-image size-large\"><img fetchpriority=\"high\" decoding=\"async\" width=\"1024\" height=\"671\" src=\"http:\/\/fotokreis-siegen.de\/wp-content\/uploads\/2023\/09\/20230915-01-1024x671.jpg\" alt=\"\" class=\"wp-image-21547\" srcset=\"https:\/\/fotokreis-siegen.de\/wp-content\/uploads\/2023\/09\/20230915-01-1024x671.jpg 1024w, https:\/\/fotokreis-siegen.de\/wp-content\/uploads\/2023\/09\/20230915-01-300x197.jpg 300w, https:\/\/fotokreis-siegen.de\/wp-content\/uploads\/2023\/09\/20230915-01-768x504.jpg 768w, https:\/\/fotokreis-siegen.de\/wp-content\/uploads\/2023\/09\/20230915-01-1536x1007.jpg 1536w, https:\/\/fotokreis-siegen.de\/wp-content\/uploads\/2023\/09\/20230915-01-830x544.jpg 830w, https:\/\/fotokreis-siegen.de\/wp-content\/uploads\/2023\/09\/20230915-01-230x151.jpg 230w, https:\/\/fotokreis-siegen.de\/wp-content\/uploads\/2023\/09\/20230915-01-350x230.jpg 350w, https:\/\/fotokreis-siegen.de\/wp-content\/uploads\/2023\/09\/20230915-01-480x315.jpg 480w, https:\/\/fotokreis-siegen.de\/wp-content\/uploads\/2023\/09\/20230915-01.jpg 1647w\" sizes=\"(max-width: 1024px) 100vw, 1024px\" \/><figcaption class=\"wp-element-caption\">Kruno Schmidt (EFIAP) &#8211; Marktplatz im Lichterglanz<\/figcaption><\/figure>\n\n\n\n<p>Am 15. September fand unser BdM Thema als Online BdM statt. Es nahmen acht Mitglieder mit ihren Bildern an dem Wettbewerb teil. Abgestimmt haben acht Mitglieder. Am Abend des 15. September wurde dann eine Videokonferenz mit acht Mitgliedern abgehalten. Einig war man sich, dass das Thema von allen Teilnehmern getroffen wurde, \u00fcber die Bilder wurde aber denoch ausf\u00fchrlich diskutiert. Sieger des Wettbewerbs wurde Kruno Schmidt mit dem Beitrag \u201eMarktplatz im Lichterglanz\u201c. Herzlichen Gl\u00fcckwunsch!\u00a0<\/p>\n\n\n\n<p>Der n\u00e4chste Papier-Wettbewerb (BdM SchwarzWeiss) findet wieder als Pr\u00e4senzveranstaltung in unserem Vereinsraum statt. Dazu sind alle Mitglieder f\u00fcr den Freitag, den 29. September, um 20 Uhr sehr herzlich eingeladen. N\u00e4chsten Freitag findet unsere Mitgliederversammlung (Online) statt.<\/p>\n","protected":false},"excerpt":{"rendered":"<p>Am 15. September fand unser BdM Thema als Online BdM statt. Es nahmen acht Mitglieder mit ihren Bildern an dem Wettbewerb teil. [&hellip;]<\/p>\n","protected":false},"author":2,"featured_media":0,"comment_status":"closed","ping_status":"open","sticky":false,"template":"","format":"standard","meta":{"_jetpack_memberships_contains_paid_content":false,"footnotes":""},"categories":[12,3,26],"tags":[],"class_list":["post-21579","post","type-post","status-publish","format-standard","hentry","category-bdm-thema","category-bild-des-monats","category-online-bdm"],"jetpack_featured_media_url":"","jetpack_sharing_enabled":true,"_links":{"self":[{"href":"https:\/\/fotokreis-siegen.de\/index.php?rest_route=\/wp\/v2\/posts\/21579","targetHints":{"allow":["GET"]}}],"collection":[{"href":"https:\/\/fotokreis-siegen.de\/index.php?rest_route=\/wp\/v2\/posts"}],"about":[{"href":"https:\/\/fotokreis-siegen.de\/index.php?rest_route=\/wp\/v2\/types\/post"}],"author":[{"embeddable":true,"href":"https:\/\/fotokreis-siegen.de\/index.php?rest_route=\/wp\/v2\/users\/2"}],"replies":[{"embeddable":true,"href":"https:\/\/fotokreis-siegen.de\/index.php?rest_route=%2Fwp%2Fv2%2Fcomments&post=21579"}],"version-history":[{"count":1,"href":"https:\/\/fotokreis-siegen.de\/index.php?rest_route=\/wp\/v2\/posts\/21579\/revisions"}],"predecessor-version":[{"id":21580,"href":"https:\/\/fotokreis-siegen.de\/index.php?rest_route=\/wp\/v2\/posts\/21579\/revisions\/21580"}],"wp:attachment":[{"href":"https:\/\/fotokreis-siegen.de\/index.php?rest_route=%2Fwp%2Fv2%2Fmedia&parent=21579"}],"wp:term":[{"taxonomy":"category","embeddable":true,"href":"https:\/\/fotokreis-siegen.de\/index.php?rest_route=%2Fwp%2Fv2%2Fcategories&post=21579"},{"taxonomy":"post_tag","embeddable":true,"href":"https:\/\/fotokreis-siegen.de\/index.php?rest_route=%2Fwp%2Fv2%2Ftags&post=21579"}],"curies":[{"name":"wp","href":"https:\/\/api.w.org\/{rel}","templated":true}]}}