{"id":21487,"date":"2023-08-25T20:15:20","date_gmt":"2023-08-25T20:15:20","guid":{"rendered":"https:\/\/fotokreis-siegen.de\/?p=21487"},"modified":"2023-08-25T20:19:02","modified_gmt":"2023-08-25T20:19:02","slug":"madeira-ein-kleines-paradies-im-atlantik","status":"publish","type":"post","link":"https:\/\/fotokreis-siegen.de\/?p=21487","title":{"rendered":"Madeira \u2013 Ein kleines Paradies im Atlantik"},"content":{"rendered":"\n<p>Die zu Portugal geh\u00f6rende \u201eBlumeninsel\u201c Madeira, wie sie von vielen genannt wird, hat fotografisch sehr viel zu bieten. Von den spektakul\u00e4ren Steilk\u00fcsten, \u00fcber die endlosen Wanderwege entlang der Levadas bis zu der Hochgebirgslandschaft rund um den h\u00f6chsten Berg Madeiras, Pico Ruivo, An jeder Ecke wartet eine neue \u00dcberraschung in Form einer atemberaubenden Landschaft oder Aussicht.<\/p>\n\n\n\n<p>Ich besuchte Madeira zum ersten Mal Mitte M\u00e4rz und wurde nicht entt\u00e4uscht. Viele der Eindr\u00fccke lassen sich nur schwer beschreiben und eigentlich nur mit einer Kamera bildlich festhalten. Obwohl die Insel mit etwas 50 km L\u00e4nge und 30 km Breite nicht sehr gro\u00df scheint, habe ich in den acht Tagen fast 1000 km mit dem Mietwagen zur\u00fcckgelegt.So oder so ist beim Besuch der Insel ein Mietwagen Pflicht. Die Orte sind, Dank des gut ausgebauten Stra\u00dfennetzes, leicht und schnell erreichbar. Sehr empfehlenswert sind in jedem Fall f\u00fcr Erkundungen die Regionalstra\u00dfen (ER) zu nehmen. Auf diesen Stra\u00dfen kommt man zu den fotografisch sch\u00f6nsten Orten.<\/p>\n\n\n\n<p>Beste Reisezeit ist im Fr\u00fchjahr oder Sp\u00e4therbst, da die Temperaturen angenehmer sind (16 bis 23 Grad Celsius) und auch das Wetter, zwar machmal etwas wechselhafter aber auch, fotografisch interessanter wird. Der Norden ist dann, im Gegensatz zum meist sonnigen S\u00fcden, etwas regenreicher. \u00dcberhaupt sollte man die Wettervorhersagen nur als Anhaltspunkt nehmen und Notfalls das Wetter so akzeptieren oder zu einem Ziel im S\u00fcden der Insel wechseln.<\/p>\n\n\n\n<figure class=\"wp-block-gallery has-nested-images columns-default is-cropped wp-block-gallery-1 is-layout-flex wp-block-gallery-is-layout-flex\">\n<figure class=\"wp-block-image size-large\"><img fetchpriority=\"high\" decoding=\"async\" width=\"1024\" height=\"1024\" data-id=\"21488\" src=\"https:\/\/fotokreis-siegen.de\/wp-content\/uploads\/2023\/08\/RB20230825-1-1024x1024.jpg\" alt=\"\" class=\"wp-image-21488\" srcset=\"https:\/\/fotokreis-siegen.de\/wp-content\/uploads\/2023\/08\/RB20230825-1-1024x1024.jpg 1024w, https:\/\/fotokreis-siegen.de\/wp-content\/uploads\/2023\/08\/RB20230825-1-300x300.jpg 300w, https:\/\/fotokreis-siegen.de\/wp-content\/uploads\/2023\/08\/RB20230825-1-150x150.jpg 150w, https:\/\/fotokreis-siegen.de\/wp-content\/uploads\/2023\/08\/RB20230825-1-768x768.jpg 768w, https:\/\/fotokreis-siegen.de\/wp-content\/uploads\/2023\/08\/RB20230825-1-1536x1536.jpg 1536w, https:\/\/fotokreis-siegen.de\/wp-content\/uploads\/2023\/08\/RB20230825-1-830x830.jpg 830w, https:\/\/fotokreis-siegen.de\/wp-content\/uploads\/2023\/08\/RB20230825-1-230x230.jpg 230w, https:\/\/fotokreis-siegen.de\/wp-content\/uploads\/2023\/08\/RB20230825-1-350x350.jpg 350w, https:\/\/fotokreis-siegen.de\/wp-content\/uploads\/2023\/08\/RB20230825-1-480x480.jpg 480w, https:\/\/fotokreis-siegen.de\/wp-content\/uploads\/2023\/08\/RB20230825-1.jpg 2048w\" sizes=\"(max-width: 1024px) 100vw, 1024px\" \/><\/figure>\n\n\n\n<figure class=\"wp-block-image size-large\"><img decoding=\"async\" width=\"1024\" height=\"1024\" data-id=\"21491\" src=\"https:\/\/fotokreis-siegen.de\/wp-content\/uploads\/2023\/08\/RB20230825-2-1024x1024.jpg\" alt=\"\" class=\"wp-image-21491\" srcset=\"https:\/\/fotokreis-siegen.de\/wp-content\/uploads\/2023\/08\/RB20230825-2-1024x1024.jpg 1024w, https:\/\/fotokreis-siegen.de\/wp-content\/uploads\/2023\/08\/RB20230825-2-300x300.jpg 300w, https:\/\/fotokreis-siegen.de\/wp-content\/uploads\/2023\/08\/RB20230825-2-150x150.jpg 150w, https:\/\/fotokreis-siegen.de\/wp-content\/uploads\/2023\/08\/RB20230825-2-768x768.jpg 768w, https:\/\/fotokreis-siegen.de\/wp-content\/uploads\/2023\/08\/RB20230825-2-1536x1536.jpg 1536w, https:\/\/fotokreis-siegen.de\/wp-content\/uploads\/2023\/08\/RB20230825-2-830x830.jpg 830w, https:\/\/fotokreis-siegen.de\/wp-content\/uploads\/2023\/08\/RB20230825-2-230x230.jpg 230w, https:\/\/fotokreis-siegen.de\/wp-content\/uploads\/2023\/08\/RB20230825-2-350x350.jpg 350w, https:\/\/fotokreis-siegen.de\/wp-content\/uploads\/2023\/08\/RB20230825-2-480x480.jpg 480w, https:\/\/fotokreis-siegen.de\/wp-content\/uploads\/2023\/08\/RB20230825-2.jpg 2048w\" sizes=\"(max-width: 1024px) 100vw, 1024px\" \/><\/figure>\n\n\n\n<figure class=\"wp-block-image size-large\"><img decoding=\"async\" width=\"1024\" height=\"1024\" data-id=\"21489\" src=\"https:\/\/fotokreis-siegen.de\/wp-content\/uploads\/2023\/08\/RB20230825-3-1024x1024.jpg\" alt=\"\" class=\"wp-image-21489\" srcset=\"https:\/\/fotokreis-siegen.de\/wp-content\/uploads\/2023\/08\/RB20230825-3-1024x1024.jpg 1024w, https:\/\/fotokreis-siegen.de\/wp-content\/uploads\/2023\/08\/RB20230825-3-300x300.jpg 300w, https:\/\/fotokreis-siegen.de\/wp-content\/uploads\/2023\/08\/RB20230825-3-150x150.jpg 150w, https:\/\/fotokreis-siegen.de\/wp-content\/uploads\/2023\/08\/RB20230825-3-768x768.jpg 768w, https:\/\/fotokreis-siegen.de\/wp-content\/uploads\/2023\/08\/RB20230825-3-1536x1536.jpg 1536w, https:\/\/fotokreis-siegen.de\/wp-content\/uploads\/2023\/08\/RB20230825-3-830x830.jpg 830w, https:\/\/fotokreis-siegen.de\/wp-content\/uploads\/2023\/08\/RB20230825-3-230x230.jpg 230w, https:\/\/fotokreis-siegen.de\/wp-content\/uploads\/2023\/08\/RB20230825-3-350x350.jpg 350w, https:\/\/fotokreis-siegen.de\/wp-content\/uploads\/2023\/08\/RB20230825-3-480x480.jpg 480w, https:\/\/fotokreis-siegen.de\/wp-content\/uploads\/2023\/08\/RB20230825-3.jpg 2048w\" sizes=\"(max-width: 1024px) 100vw, 1024px\" \/><\/figure>\n\n\n\n<figure class=\"wp-block-image size-large\"><img loading=\"lazy\" decoding=\"async\" width=\"1024\" height=\"1024\" data-id=\"21493\" src=\"https:\/\/fotokreis-siegen.de\/wp-content\/uploads\/2023\/08\/RB20230825-4-1024x1024.jpg\" alt=\"\" class=\"wp-image-21493\" srcset=\"https:\/\/fotokreis-siegen.de\/wp-content\/uploads\/2023\/08\/RB20230825-4-1024x1024.jpg 1024w, https:\/\/fotokreis-siegen.de\/wp-content\/uploads\/2023\/08\/RB20230825-4-300x300.jpg 300w, https:\/\/fotokreis-siegen.de\/wp-content\/uploads\/2023\/08\/RB20230825-4-150x150.jpg 150w, https:\/\/fotokreis-siegen.de\/wp-content\/uploads\/2023\/08\/RB20230825-4-768x768.jpg 768w, https:\/\/fotokreis-siegen.de\/wp-content\/uploads\/2023\/08\/RB20230825-4-1536x1536.jpg 1536w, https:\/\/fotokreis-siegen.de\/wp-content\/uploads\/2023\/08\/RB20230825-4-830x830.jpg 830w, https:\/\/fotokreis-siegen.de\/wp-content\/uploads\/2023\/08\/RB20230825-4-230x230.jpg 230w, https:\/\/fotokreis-siegen.de\/wp-content\/uploads\/2023\/08\/RB20230825-4-350x350.jpg 350w, https:\/\/fotokreis-siegen.de\/wp-content\/uploads\/2023\/08\/RB20230825-4-480x480.jpg 480w, https:\/\/fotokreis-siegen.de\/wp-content\/uploads\/2023\/08\/RB20230825-4.jpg 2048w\" sizes=\"(max-width: 1024px) 100vw, 1024px\" \/><\/figure>\n\n\n\n<figure class=\"wp-block-image size-large\"><img loading=\"lazy\" decoding=\"async\" width=\"1024\" height=\"1024\" data-id=\"21490\" src=\"https:\/\/fotokreis-siegen.de\/wp-content\/uploads\/2023\/08\/RB20230825-5-1024x1024.jpg\" alt=\"\" class=\"wp-image-21490\" srcset=\"https:\/\/fotokreis-siegen.de\/wp-content\/uploads\/2023\/08\/RB20230825-5-1024x1024.jpg 1024w, https:\/\/fotokreis-siegen.de\/wp-content\/uploads\/2023\/08\/RB20230825-5-300x300.jpg 300w, https:\/\/fotokreis-siegen.de\/wp-content\/uploads\/2023\/08\/RB20230825-5-150x150.jpg 150w, https:\/\/fotokreis-siegen.de\/wp-content\/uploads\/2023\/08\/RB20230825-5-768x768.jpg 768w, https:\/\/fotokreis-siegen.de\/wp-content\/uploads\/2023\/08\/RB20230825-5-1536x1536.jpg 1536w, https:\/\/fotokreis-siegen.de\/wp-content\/uploads\/2023\/08\/RB20230825-5-830x830.jpg 830w, https:\/\/fotokreis-siegen.de\/wp-content\/uploads\/2023\/08\/RB20230825-5-230x230.jpg 230w, https:\/\/fotokreis-siegen.de\/wp-content\/uploads\/2023\/08\/RB20230825-5-350x350.jpg 350w, https:\/\/fotokreis-siegen.de\/wp-content\/uploads\/2023\/08\/RB20230825-5-480x480.jpg 480w, https:\/\/fotokreis-siegen.de\/wp-content\/uploads\/2023\/08\/RB20230825-5.jpg 2048w\" sizes=\"(max-width: 1024px) 100vw, 1024px\" \/><\/figure>\n\n\n\n<figure class=\"wp-block-image size-large\"><img loading=\"lazy\" decoding=\"async\" width=\"1024\" height=\"683\" data-id=\"21492\" src=\"https:\/\/fotokreis-siegen.de\/wp-content\/uploads\/2023\/08\/RB20230825-6-1024x683.jpg\" alt=\"\" class=\"wp-image-21492\" srcset=\"https:\/\/fotokreis-siegen.de\/wp-content\/uploads\/2023\/08\/RB20230825-6-1024x683.jpg 1024w, https:\/\/fotokreis-siegen.de\/wp-content\/uploads\/2023\/08\/RB20230825-6-300x200.jpg 300w, https:\/\/fotokreis-siegen.de\/wp-content\/uploads\/2023\/08\/RB20230825-6-768x512.jpg 768w, https:\/\/fotokreis-siegen.de\/wp-content\/uploads\/2023\/08\/RB20230825-6-1536x1024.jpg 1536w, https:\/\/fotokreis-siegen.de\/wp-content\/uploads\/2023\/08\/RB20230825-6-2048x1366.jpg 2048w, https:\/\/fotokreis-siegen.de\/wp-content\/uploads\/2023\/08\/RB20230825-6-830x554.jpg 830w, https:\/\/fotokreis-siegen.de\/wp-content\/uploads\/2023\/08\/RB20230825-6-230x153.jpg 230w, https:\/\/fotokreis-siegen.de\/wp-content\/uploads\/2023\/08\/RB20230825-6-350x233.jpg 350w, https:\/\/fotokreis-siegen.de\/wp-content\/uploads\/2023\/08\/RB20230825-6-480x320.jpg 480w\" sizes=\"(max-width: 1024px) 100vw, 1024px\" \/><\/figure>\n\n\n\n<figure class=\"wp-block-image size-large\"><img loading=\"lazy\" decoding=\"async\" width=\"1024\" height=\"683\" data-id=\"21494\" src=\"https:\/\/fotokreis-siegen.de\/wp-content\/uploads\/2023\/08\/RB20230825-7-1024x683.jpg\" alt=\"\" class=\"wp-image-21494\" srcset=\"https:\/\/fotokreis-siegen.de\/wp-content\/uploads\/2023\/08\/RB20230825-7-1024x683.jpg 1024w, https:\/\/fotokreis-siegen.de\/wp-content\/uploads\/2023\/08\/RB20230825-7-300x200.jpg 300w, https:\/\/fotokreis-siegen.de\/wp-content\/uploads\/2023\/08\/RB20230825-7-768x512.jpg 768w, https:\/\/fotokreis-siegen.de\/wp-content\/uploads\/2023\/08\/RB20230825-7-1536x1024.jpg 1536w, https:\/\/fotokreis-siegen.de\/wp-content\/uploads\/2023\/08\/RB20230825-7-2048x1365.jpg 2048w, https:\/\/fotokreis-siegen.de\/wp-content\/uploads\/2023\/08\/RB20230825-7-830x553.jpg 830w, https:\/\/fotokreis-siegen.de\/wp-content\/uploads\/2023\/08\/RB20230825-7-230x153.jpg 230w, https:\/\/fotokreis-siegen.de\/wp-content\/uploads\/2023\/08\/RB20230825-7-350x233.jpg 350w, https:\/\/fotokreis-siegen.de\/wp-content\/uploads\/2023\/08\/RB20230825-7-480x320.jpg 480w\" sizes=\"(max-width: 1024px) 100vw, 1024px\" \/><\/figure>\n<\/figure>\n\n\n\n<p><\/p>\n\n\n\n<p><strong>Die neun Orte, die man auf jeden Fall einplanen sollte:<\/strong><\/p>\n\n\n\n<p><strong>Funchal<\/strong>&nbsp;\u2013 Die Hauptstadt der autonomen Region Madeira. Ich hatte es selbst noch nicht besucht, da mir die Zeit davonlief. Ich habe entschieden dies bei meinem n\u00e4chsten Besuch nachzuholen.<\/p>\n\n\n\n<p><strong>Ilh\u00e9us da Ribeira da Janela<\/strong>&nbsp;\u2013 Steinformationen vor der K\u00fcste im Norden der Insel sind ein beliebtes Fotomotiv. Die beste Zeit ist der fr\u00fch Morgens zum Sonnenaufgang, aber auch Abends ist es ein sehr lohnendes Fotomotiv.<\/p>\n\n\n\n<p><strong>Ponta de S\u00e3o Louren\u00e7o<\/strong>&nbsp;\u2013 Die Halbinsel im Nordosten Madeiras ist ein Must-Have-Seen und sollte als Tagestour geplant werden. Die Tour sollte man entweder fr\u00fch Morgens oder am sp\u00e4ten Nachmittag beginnen und 4 bis 5 Stunden einplanen.<\/p>\n\n\n\n<p><strong>Porto Moniz<\/strong>&nbsp;\u2013 Mit seinen bekannten Lava-Pools ist der Ort bei Touristen sehr bekannt. Eine sp\u00e4tere Tour auf der sehr kurvenreichen Bergstrecke f\u00fchrt hinauf zur grandiosen Aussicht auf Porto Moniz und die Umgebung (Miradouro da Pedra Mole).<\/p>\n\n\n\n<p><strong>Cabo Gir\u00e3o Skywalk<\/strong>&nbsp;\u2013 Die h\u00f6chste Klippe Europas ist weniger ein Fotomotiv, sondern mehr ein Erlebnis, dass man erlebt haben muss. Auf \u00fcber schwindelerregende 580 Matern ragt eine Aussichtsplattform und der Glasboden gibt den Blick frei auf die Atlantikk\u00fcste darunter.<\/p>\n\n\n\n<p><strong>Achandas da Cruz und Miraduro de Teleferico<\/strong>&nbsp;\u2013 Eines der steilsten Seilbahnen der Welt f\u00fchrt hinunter zum Steinstrand Achadas da Cruz mit bizzaren Felsformationen geformt aus Lava und dem Blick auf den Wasserfall Cascada de Ciempi\u00e9s, der direkt in den Ozean f\u00e4llt.<\/p>\n\n\n\n<p><strong>Raba\u00e7al&nbsp;<\/strong>\u2013 Auf der Hochebene Pa\u00fal da Serra findet man den Startpunkt f\u00fcr die beiden sehr bekannten Ziele, den Risco Wasserfall und die 25 Fontes Wasserf\u00e4lle. Entlang der Levadas f\u00fchrten mehrere Wanderwege zu diesen sehr bekannten Fotomotiven. Auch der Ausblick in die T\u00e4ler ist einfach grandios.<\/p>\n\n\n\n<p><strong>Pico Ruivo<\/strong>&nbsp;\u2013 Der h\u00f6chste Berg Madeiras liegt in einem Gebiet n\u00f6rdlich von Funchal. Da das Wetter in dieser Region immer wechselt, ist der Besuch zu jeder Tageszeit ein Erlebnis. Man erlebt dort grandiose Ausblicke auf die Gebirgslandschaft Madeiras.<\/p>\n\n\n\n<p><strong>Leuchtturm Ponta do Pargo und Miraduro do Fio<\/strong>&nbsp;\u2013 Der Leuchtturm im S\u00fcdwesten mit der Steilk\u00fcstenlandschaft ist ein Genuss f\u00fcr die Sinne. Es gibt viele Wanderwege, die an verschiedene Stellen der Steilk\u00fcste f\u00fchren. Als Abschluss empfiehlt sich der Besuch im Cafe-Restaurant \u201eO Fio\u201c am Miraduro do Fio Aussichtspunkt.<\/p>\n\n\n\n<p>Dies ist nur eine sehr kurze Liste der Orte. Wie schon zuvor gesagt, ist die Insel gespickt mit interessanten Fotomotiven. Manchmal ist es auch einfach gut auf Entdeckungsreise zu gehen und die Dinge auf sich wirken zu lassen. Einige meiner Fotomotive habe ich einfach durch Entdecken gefunden und teils auch nur wenige Touristen dort vorgefunden.<\/p>\n\n\n\n<p><em>Dieser Beitrag erschien urspr\u00fcnglich auf <a href=\"https:\/\/mostlyclaudy.com\/\" data-type=\"link\" data-id=\"https:\/\/mostlyclaudy.com\/\">MostlyCloudy<\/a><\/em><\/p>\n","protected":false},"excerpt":{"rendered":"<p>Die zu Portugal geh\u00f6rende \u201eBlumeninsel\u201c Madeira, wie sie von vielen genannt wird, hat fotografisch sehr viel zu bieten. Von den spektakul\u00e4ren Steilk\u00fcsten, [&hellip;]<\/p>\n","protected":false},"author":2,"featured_media":0,"comment_status":"closed","ping_status":"open","sticky":false,"template":"","format":"standard","meta":{"_jetpack_memberships_contains_paid_content":false,"footnotes":""},"categories":[35,34],"tags":[],"class_list":["post-21487","post","type-post","status-publish","format-standard","hentry","category-reisebericht","category-reisen"],"jetpack_featured_media_url":"","jetpack_sharing_enabled":true,"_links":{"self":[{"href":"https:\/\/fotokreis-siegen.de\/index.php?rest_route=\/wp\/v2\/posts\/21487","targetHints":{"allow":["GET"]}}],"collection":[{"href":"https:\/\/fotokreis-siegen.de\/index.php?rest_route=\/wp\/v2\/posts"}],"about":[{"href":"https:\/\/fotokreis-siegen.de\/index.php?rest_route=\/wp\/v2\/types\/post"}],"author":[{"embeddable":true,"href":"https:\/\/fotokreis-siegen.de\/index.php?rest_route=\/wp\/v2\/users\/2"}],"replies":[{"embeddable":true,"href":"https:\/\/fotokreis-siegen.de\/index.php?rest_route=%2Fwp%2Fv2%2Fcomments&post=21487"}],"version-history":[{"count":6,"href":"https:\/\/fotokreis-siegen.de\/index.php?rest_route=\/wp\/v2\/posts\/21487\/revisions"}],"predecessor-version":[{"id":21501,"href":"https:\/\/fotokreis-siegen.de\/index.php?rest_route=\/wp\/v2\/posts\/21487\/revisions\/21501"}],"wp:attachment":[{"href":"https:\/\/fotokreis-siegen.de\/index.php?rest_route=%2Fwp%2Fv2%2Fmedia&parent=21487"}],"wp:term":[{"taxonomy":"category","embeddable":true,"href":"https:\/\/fotokreis-siegen.de\/index.php?rest_route=%2Fwp%2Fv2%2Fcategories&post=21487"},{"taxonomy":"post_tag","embeddable":true,"href":"https:\/\/fotokreis-siegen.de\/index.php?rest_route=%2Fwp%2Fv2%2Ftags&post=21487"}],"curies":[{"name":"wp","href":"https:\/\/api.w.org\/{rel}","templated":true}]}}