{"id":21361,"date":"2023-07-30T14:33:46","date_gmt":"2023-07-30T14:33:46","guid":{"rendered":"https:\/\/fotokreis-siegen.de\/?p=21361"},"modified":"2023-07-30T14:33:48","modified_gmt":"2023-07-30T14:33:48","slug":"bdm-schwarzweiss-vom-28-juli","status":"publish","type":"post","link":"https:\/\/fotokreis-siegen.de\/?p=21361","title":{"rendered":"BdM SchwarzWeiss vom 28. Juli"},"content":{"rendered":"\n<figure class=\"wp-block-image aligncenter size-large is-resized\"><img fetchpriority=\"high\" decoding=\"async\" src=\"http:\/\/fotokreis-siegen.de\/wp-content\/uploads\/2023\/07\/20230728-03-1024x683.jpg\" alt=\"\" class=\"wp-image-21354\" width=\"768\" height=\"512\" srcset=\"https:\/\/fotokreis-siegen.de\/wp-content\/uploads\/2023\/07\/20230728-03-1024x683.jpg 1024w, https:\/\/fotokreis-siegen.de\/wp-content\/uploads\/2023\/07\/20230728-03-300x200.jpg 300w, https:\/\/fotokreis-siegen.de\/wp-content\/uploads\/2023\/07\/20230728-03-768x512.jpg 768w, https:\/\/fotokreis-siegen.de\/wp-content\/uploads\/2023\/07\/20230728-03-1536x1024.jpg 1536w, https:\/\/fotokreis-siegen.de\/wp-content\/uploads\/2023\/07\/20230728-03-830x553.jpg 830w, https:\/\/fotokreis-siegen.de\/wp-content\/uploads\/2023\/07\/20230728-03-230x153.jpg 230w, https:\/\/fotokreis-siegen.de\/wp-content\/uploads\/2023\/07\/20230728-03-350x233.jpg 350w, https:\/\/fotokreis-siegen.de\/wp-content\/uploads\/2023\/07\/20230728-03-480x320.jpg 480w, https:\/\/fotokreis-siegen.de\/wp-content\/uploads\/2023\/07\/20230728-03.jpg 1920w\" sizes=\"(max-width: 768px) 100vw, 768px\" \/><figcaption class=\"wp-element-caption\">Hermann Geppert &#8211; Skipper<\/figcaption><\/figure>\n\n\n\n<p>Am 28. August fand unseren BdM SchwarzWeiss in unseren Vereinr\u00e4umen statt. An dem Abend fanden sechs Mitglieder den Weg in unseren Clubraum, am Wettbewerb haben sich vier Mitglieder mit ihren Papierbeitr\u00e4gen beteiligt. Da es nicht viel Neues zu besprechen gab, ging es sofort an die Bewertung der Beitr\u00e4ge. Abgestimmt haben alle sechs anwesenden Mitglieder. Trotz kleiner Runde wurde rege \u00fcber die Beitr\u00e4ge diskutiert und auch nach dem offiziellen Teil des Abends gingen die Gespr\u00e4che in die Verl\u00e4ngerung. Sieger des Wettbewerbs wurde der Beitrag von Hermann Geppert mit dem Titel \u201eSkipper\u201c. Herzlichen Gl\u00fcckwunsch!<\/p>\n\n\n\n<p>F\u00fcr den kommenden Wettbewerb (BdM Projektion), der als Online BdM am 4. August stattfindet, werden alle Mitglieder per Rundmail informiert. Bei den Online BdM Einsendungen aber vor allem auch den Abstimmungen k\u00f6nnen selbstverst\u00e4ndlich alle unsere Mitglieder mitmachen.<\/p>\n","protected":false},"excerpt":{"rendered":"<p>Am 28. August fand unseren BdM SchwarzWeiss in unseren Vereinr\u00e4umen statt. An dem Abend fanden sechs Mitglieder den Weg in unseren Clubraum, [&hellip;]<\/p>\n","protected":false},"author":2,"featured_media":0,"comment_status":"closed","ping_status":"open","sticky":false,"template":"","format":"standard","meta":{"_jetpack_memberships_contains_paid_content":false,"footnotes":""},"categories":[1],"tags":[],"class_list":["post-21361","post","type-post","status-publish","format-standard","hentry","category-uncategorized"],"jetpack_featured_media_url":"","jetpack_sharing_enabled":true,"_links":{"self":[{"href":"https:\/\/fotokreis-siegen.de\/index.php?rest_route=\/wp\/v2\/posts\/21361","targetHints":{"allow":["GET"]}}],"collection":[{"href":"https:\/\/fotokreis-siegen.de\/index.php?rest_route=\/wp\/v2\/posts"}],"about":[{"href":"https:\/\/fotokreis-siegen.de\/index.php?rest_route=\/wp\/v2\/types\/post"}],"author":[{"embeddable":true,"href":"https:\/\/fotokreis-siegen.de\/index.php?rest_route=\/wp\/v2\/users\/2"}],"replies":[{"embeddable":true,"href":"https:\/\/fotokreis-siegen.de\/index.php?rest_route=%2Fwp%2Fv2%2Fcomments&post=21361"}],"version-history":[{"count":2,"href":"https:\/\/fotokreis-siegen.de\/index.php?rest_route=\/wp\/v2\/posts\/21361\/revisions"}],"predecessor-version":[{"id":21391,"href":"https:\/\/fotokreis-siegen.de\/index.php?rest_route=\/wp\/v2\/posts\/21361\/revisions\/21391"}],"wp:attachment":[{"href":"https:\/\/fotokreis-siegen.de\/index.php?rest_route=%2Fwp%2Fv2%2Fmedia&parent=21361"}],"wp:term":[{"taxonomy":"category","embeddable":true,"href":"https:\/\/fotokreis-siegen.de\/index.php?rest_route=%2Fwp%2Fv2%2Fcategories&post=21361"},{"taxonomy":"post_tag","embeddable":true,"href":"https:\/\/fotokreis-siegen.de\/index.php?rest_route=%2Fwp%2Fv2%2Ftags&post=21361"}],"curies":[{"name":"wp","href":"https:\/\/api.w.org\/{rel}","templated":true}]}}