{"id":21184,"date":"2023-05-29T20:10:38","date_gmt":"2023-05-29T20:10:38","guid":{"rendered":"https:\/\/fotokreis-siegen.de\/?p=21184"},"modified":"2023-05-29T20:10:40","modified_gmt":"2023-05-29T20:10:40","slug":"bdm-thema-natur-und-technik-online-vom-26-mai","status":"publish","type":"post","link":"https:\/\/fotokreis-siegen.de\/?p=21184","title":{"rendered":"BdM Thema \u201eNatur und Technik\u201c (Online) vom 26. Mai"},"content":{"rendered":"\n<figure class=\"wp-block-image aligncenter size-large is-resized\"><img fetchpriority=\"high\" decoding=\"async\" src=\"http:\/\/fotokreis-siegen.de\/wp-content\/uploads\/2023\/05\/20230526-10-1024x685.jpg\" alt=\"\" class=\"wp-image-21165\" width=\"768\" height=\"514\" srcset=\"https:\/\/fotokreis-siegen.de\/wp-content\/uploads\/2023\/05\/20230526-10-1024x685.jpg 1024w, https:\/\/fotokreis-siegen.de\/wp-content\/uploads\/2023\/05\/20230526-10-300x201.jpg 300w, https:\/\/fotokreis-siegen.de\/wp-content\/uploads\/2023\/05\/20230526-10-768x514.jpg 768w, https:\/\/fotokreis-siegen.de\/wp-content\/uploads\/2023\/05\/20230526-10-1536x1028.jpg 1536w, https:\/\/fotokreis-siegen.de\/wp-content\/uploads\/2023\/05\/20230526-10-830x555.jpg 830w, https:\/\/fotokreis-siegen.de\/wp-content\/uploads\/2023\/05\/20230526-10-230x154.jpg 230w, https:\/\/fotokreis-siegen.de\/wp-content\/uploads\/2023\/05\/20230526-10-350x234.jpg 350w, https:\/\/fotokreis-siegen.de\/wp-content\/uploads\/2023\/05\/20230526-10-480x321.jpg 480w, https:\/\/fotokreis-siegen.de\/wp-content\/uploads\/2023\/05\/20230526-10.jpg 1632w\" sizes=\"(max-width: 768px) 100vw, 768px\" \/><figcaption class=\"wp-element-caption\">Fritz Simon (AFIAP) &#8211; Weitblick<\/figcaption><\/figure>\n\n\n\n<p>Am 26. Mai fand unser BdM Thema als Online BdM statt. Es nahmen zehn Mitglieder mit ihren Bildern an dem Wettbewerb teil. Abgestimmt haben acht Mitglieder. Am Abend des 26. Mai wurde dann eine Videokonferenz mit zehn Mitgliedern abgehalten. Bei vielen Beitr\u00e4ge gab es eine Menge Diskussionsbedarf, ob das Thema wirklich getroffen wurde. Wie bei vielen Themen BdMs, lagen die Meinungen durchaus weit auseinander. Sieger des Wettbewerbs wurde Fritz Simon mit dem Beitrag \u201eWeitblick\u201c. Herzlichen Gl\u00fcckwunsch!\u00a0<\/p>\n\n\n\n<p>Der n\u00e4chste Papier-Wettbewerb (BdM SchwarzWeiss) findet wieder als Pr\u00e4senzveranstaltung in unserem Vereinsraum statt. Dazu sind alle Mitglieder f\u00fcr den kommenden Freitag um 20 Uhr sehr herzlich eingeladen.<\/p>\n","protected":false},"excerpt":{"rendered":"<p>Am 26. Mai fand unser BdM Thema als Online BdM statt. Es nahmen zehn Mitglieder mit ihren Bildern an dem Wettbewerb teil. [&hellip;]<\/p>\n","protected":false},"author":2,"featured_media":0,"comment_status":"closed","ping_status":"open","sticky":false,"template":"","format":"standard","meta":{"_jetpack_memberships_contains_paid_content":false,"footnotes":""},"categories":[12,3,26],"tags":[],"class_list":["post-21184","post","type-post","status-publish","format-standard","hentry","category-bdm-thema","category-bild-des-monats","category-online-bdm"],"jetpack_featured_media_url":"","jetpack_sharing_enabled":true,"_links":{"self":[{"href":"https:\/\/fotokreis-siegen.de\/index.php?rest_route=\/wp\/v2\/posts\/21184","targetHints":{"allow":["GET"]}}],"collection":[{"href":"https:\/\/fotokreis-siegen.de\/index.php?rest_route=\/wp\/v2\/posts"}],"about":[{"href":"https:\/\/fotokreis-siegen.de\/index.php?rest_route=\/wp\/v2\/types\/post"}],"author":[{"embeddable":true,"href":"https:\/\/fotokreis-siegen.de\/index.php?rest_route=\/wp\/v2\/users\/2"}],"replies":[{"embeddable":true,"href":"https:\/\/fotokreis-siegen.de\/index.php?rest_route=%2Fwp%2Fv2%2Fcomments&post=21184"}],"version-history":[{"count":2,"href":"https:\/\/fotokreis-siegen.de\/index.php?rest_route=\/wp\/v2\/posts\/21184\/revisions"}],"predecessor-version":[{"id":21186,"href":"https:\/\/fotokreis-siegen.de\/index.php?rest_route=\/wp\/v2\/posts\/21184\/revisions\/21186"}],"wp:attachment":[{"href":"https:\/\/fotokreis-siegen.de\/index.php?rest_route=%2Fwp%2Fv2%2Fmedia&parent=21184"}],"wp:term":[{"taxonomy":"category","embeddable":true,"href":"https:\/\/fotokreis-siegen.de\/index.php?rest_route=%2Fwp%2Fv2%2Fcategories&post=21184"},{"taxonomy":"post_tag","embeddable":true,"href":"https:\/\/fotokreis-siegen.de\/index.php?rest_route=%2Fwp%2Fv2%2Ftags&post=21184"}],"curies":[{"name":"wp","href":"https:\/\/api.w.org\/{rel}","templated":true}]}}