{"id":21150,"date":"2023-05-21T17:38:53","date_gmt":"2023-05-21T17:38:53","guid":{"rendered":"https:\/\/fotokreis-siegen.de\/?p=21150"},"modified":"2023-05-21T17:38:55","modified_gmt":"2023-05-21T17:38:55","slug":"bdm-color-vom-19-mai","status":"publish","type":"post","link":"https:\/\/fotokreis-siegen.de\/?p=21150","title":{"rendered":"BdM Color vom 19. Mai"},"content":{"rendered":"\n<figure class=\"wp-block-image aligncenter size-large is-resized\"><img fetchpriority=\"high\" decoding=\"async\" src=\"http:\/\/fotokreis-siegen.de\/wp-content\/uploads\/2023\/05\/20230519-01-1024x631.jpg\" alt=\"\" class=\"wp-image-21143\" width=\"768\" height=\"473\" srcset=\"https:\/\/fotokreis-siegen.de\/wp-content\/uploads\/2023\/05\/20230519-01-1024x631.jpg 1024w, https:\/\/fotokreis-siegen.de\/wp-content\/uploads\/2023\/05\/20230519-01-300x185.jpg 300w, https:\/\/fotokreis-siegen.de\/wp-content\/uploads\/2023\/05\/20230519-01-768x473.jpg 768w, https:\/\/fotokreis-siegen.de\/wp-content\/uploads\/2023\/05\/20230519-01-1536x946.jpg 1536w, https:\/\/fotokreis-siegen.de\/wp-content\/uploads\/2023\/05\/20230519-01-830x511.jpg 830w, https:\/\/fotokreis-siegen.de\/wp-content\/uploads\/2023\/05\/20230519-01-230x142.jpg 230w, https:\/\/fotokreis-siegen.de\/wp-content\/uploads\/2023\/05\/20230519-01-350x216.jpg 350w, https:\/\/fotokreis-siegen.de\/wp-content\/uploads\/2023\/05\/20230519-01-480x296.jpg 480w, https:\/\/fotokreis-siegen.de\/wp-content\/uploads\/2023\/05\/20230519-01.jpg 1754w\" sizes=\"(max-width: 768px) 100vw, 768px\" \/><figcaption class=\"wp-element-caption\">Claudius Warzecha &#8211; Pa\u00fal da Serra<\/figcaption><\/figure>\n\n\n\n<p>Am 19. Mai fand unseren BdM Color als Pr\u00e4senzveranstaltung in unseren Vereinr\u00e4umen statt. An dem Abend haben sieben Mitglieder in unseren Clubraum teilgenommen. Am Wettbewerb haben sich f\u00fcnf der anwesenden Mitglieder mit ihren Papierbeitr\u00e4gen beteiligt. Abgestimmt haben alle anwesenden Mitglieder und jedes der Bilder sehr ausf\u00fchrlich besprochen. Die gezeigten Motive waren sehr unterschiedlich und so gab es eine Menge zu besprechen. Wie bei allen Wettbewerben, gab es die allermeisten Kommentare zu den hinteren Platzierungen. Sieger des Wettbewerbs mit einem deutlichen Abstand wurde der Beitrag von Claudius Warzecha mit dem Titel \u201ePa\u00fal da Serra\u201c. Herzlichen Gl\u00fcckwunsch!<\/p>\n\n\n\n<p>F\u00fcr den kommenden Wettbewerb (BdM Thema \u201eNatur und Technik\u201c), der als Online BdM am 26. Mai stattfindet, werden alle Mitglieder per Rundmail informiert. Bei den Online BdM Einsendungen aber vor allem auch den Abstimmungen k\u00f6nnen selbstverst\u00e4ndlich alle unsere Mitglieder mitmachen.<\/p>\n","protected":false},"excerpt":{"rendered":"<p>Am 19. Mai fand unseren BdM Color als Pr\u00e4senzveranstaltung in unseren Vereinr\u00e4umen statt. An dem Abend haben sieben Mitglieder in unseren Clubraum [&hellip;]<\/p>\n","protected":false},"author":2,"featured_media":0,"comment_status":"closed","ping_status":"open","sticky":false,"template":"","format":"standard","meta":{"_jetpack_memberships_contains_paid_content":false,"footnotes":""},"categories":[10,3],"tags":[],"class_list":["post-21150","post","type-post","status-publish","format-standard","hentry","category-bdm-color","category-bild-des-monats"],"jetpack_featured_media_url":"","jetpack_sharing_enabled":true,"_links":{"self":[{"href":"https:\/\/fotokreis-siegen.de\/index.php?rest_route=\/wp\/v2\/posts\/21150","targetHints":{"allow":["GET"]}}],"collection":[{"href":"https:\/\/fotokreis-siegen.de\/index.php?rest_route=\/wp\/v2\/posts"}],"about":[{"href":"https:\/\/fotokreis-siegen.de\/index.php?rest_route=\/wp\/v2\/types\/post"}],"author":[{"embeddable":true,"href":"https:\/\/fotokreis-siegen.de\/index.php?rest_route=\/wp\/v2\/users\/2"}],"replies":[{"embeddable":true,"href":"https:\/\/fotokreis-siegen.de\/index.php?rest_route=%2Fwp%2Fv2%2Fcomments&post=21150"}],"version-history":[{"count":5,"href":"https:\/\/fotokreis-siegen.de\/index.php?rest_route=\/wp\/v2\/posts\/21150\/revisions"}],"predecessor-version":[{"id":21155,"href":"https:\/\/fotokreis-siegen.de\/index.php?rest_route=\/wp\/v2\/posts\/21150\/revisions\/21155"}],"wp:attachment":[{"href":"https:\/\/fotokreis-siegen.de\/index.php?rest_route=%2Fwp%2Fv2%2Fmedia&parent=21150"}],"wp:term":[{"taxonomy":"category","embeddable":true,"href":"https:\/\/fotokreis-siegen.de\/index.php?rest_route=%2Fwp%2Fv2%2Fcategories&post=21150"},{"taxonomy":"post_tag","embeddable":true,"href":"https:\/\/fotokreis-siegen.de\/index.php?rest_route=%2Fwp%2Fv2%2Ftags&post=21150"}],"curies":[{"name":"wp","href":"https:\/\/api.w.org\/{rel}","templated":true}]}}