{"id":20971,"date":"2023-03-19T20:22:16","date_gmt":"2023-03-19T20:22:16","guid":{"rendered":"https:\/\/fotokreis-siegen.de\/?p=20971"},"modified":"2023-04-17T20:35:42","modified_gmt":"2023-04-17T20:35:42","slug":"bdm-color-vom-17-maerz","status":"publish","type":"post","link":"https:\/\/fotokreis-siegen.de\/?p=20971","title":{"rendered":"BdM Color vom 17. M\u00e4rz"},"content":{"rendered":"\n<figure class=\"wp-block-image aligncenter size-large is-resized\"><img fetchpriority=\"high\" decoding=\"async\" src=\"http:\/\/fotokreis-siegen.de\/wp-content\/uploads\/2023\/03\/20230317-05-1024x686.jpg\" alt=\"\" class=\"wp-image-20963\" width=\"768\" height=\"515\" srcset=\"https:\/\/fotokreis-siegen.de\/wp-content\/uploads\/2023\/03\/20230317-05-1024x686.jpg 1024w, https:\/\/fotokreis-siegen.de\/wp-content\/uploads\/2023\/03\/20230317-05-300x201.jpg 300w, https:\/\/fotokreis-siegen.de\/wp-content\/uploads\/2023\/03\/20230317-05-768x515.jpg 768w, https:\/\/fotokreis-siegen.de\/wp-content\/uploads\/2023\/03\/20230317-05-1536x1029.jpg 1536w, https:\/\/fotokreis-siegen.de\/wp-content\/uploads\/2023\/03\/20230317-05-830x556.jpg 830w, https:\/\/fotokreis-siegen.de\/wp-content\/uploads\/2023\/03\/20230317-05-230x154.jpg 230w, https:\/\/fotokreis-siegen.de\/wp-content\/uploads\/2023\/03\/20230317-05-350x234.jpg 350w, https:\/\/fotokreis-siegen.de\/wp-content\/uploads\/2023\/03\/20230317-05-480x322.jpg 480w, https:\/\/fotokreis-siegen.de\/wp-content\/uploads\/2023\/03\/20230317-05.jpg 1612w\" sizes=\"(max-width: 768px) 100vw, 768px\" \/><figcaption class=\"wp-element-caption\">Rainer Genehr &#8211; Grash\u00fcpfer<\/figcaption><\/figure>\n\n\n\n<p>Am 17. M\u00e4rz fand unseren BdM Color als Pr\u00e4senzveranstaltung in unseren Vereinr\u00e4umen statt. An dem Abend haben acht Mitglieder in unseren Clubraum teilgenommen. Am Wettbewerb haben sich sechs der anwesenden Mitglieder mit ihren Papierbeitr\u00e4gen beteiligt. Abgestimmt haben alle anwesenden Mitglieder und jedes der Bilder sehr ausf\u00fchrlich besprochen. Das recht hohe Niveau der gezeigten Bilder spiegelte auch das Ergebnis wieder, bei den Punktes lang alles ganz eng beeinander. Sieger des Wettbewerbs wurde der Beitrag von Rainer Genehr mit dem Titel \u201eGrash\u00fcpfer\u201c. Herzlichen Gl\u00fcckwunsch!<\/p>\n\n\n\n<p>Am kommenden Freitag treffen wir uns im 4Fachwerk in Freundenberg bei der Vernissage zur Ausstellung \u201eMomente des Lebens\u201c von Christian Feigs. Die Veranstaltung beginnt um 19 Uhr. Der f\u00fcr kommende Woche geplante Wettbewerb BdM Thema \u201eTreppen\u201c wird zu einem sp\u00e4teren Zeitpunkt nachgeholt. In zwei Wochen, also am 31. M\u00e4rz, findet der Wettbewerb BdM SchwarzWeiss wieder als Pr\u00e4senzveranstaltung in unserem Vereinsraum statt. Alle Mitglieder und auch interessierte G\u00e4ste sind herzlich dazu eingeladen.<\/p>\n","protected":false},"excerpt":{"rendered":"<p>Am 17. M\u00e4rz fand unseren BdM Color als Pr\u00e4senzveranstaltung in unseren Vereinr\u00e4umen statt. An dem Abend haben acht Mitglieder in unseren Clubraum [&hellip;]<\/p>\n","protected":false},"author":2,"featured_media":0,"comment_status":"closed","ping_status":"open","sticky":false,"template":"","format":"standard","meta":{"_jetpack_memberships_contains_paid_content":false,"footnotes":""},"categories":[10,3,16],"tags":[],"class_list":["post-20971","post","type-post","status-publish","format-standard","hentry","category-bdm-color","category-bild-des-monats","category-veranstaltungen"],"jetpack_featured_media_url":"","jetpack_sharing_enabled":true,"_links":{"self":[{"href":"https:\/\/fotokreis-siegen.de\/index.php?rest_route=\/wp\/v2\/posts\/20971","targetHints":{"allow":["GET"]}}],"collection":[{"href":"https:\/\/fotokreis-siegen.de\/index.php?rest_route=\/wp\/v2\/posts"}],"about":[{"href":"https:\/\/fotokreis-siegen.de\/index.php?rest_route=\/wp\/v2\/types\/post"}],"author":[{"embeddable":true,"href":"https:\/\/fotokreis-siegen.de\/index.php?rest_route=\/wp\/v2\/users\/2"}],"replies":[{"embeddable":true,"href":"https:\/\/fotokreis-siegen.de\/index.php?rest_route=%2Fwp%2Fv2%2Fcomments&post=20971"}],"version-history":[{"count":3,"href":"https:\/\/fotokreis-siegen.de\/index.php?rest_route=\/wp\/v2\/posts\/20971\/revisions"}],"predecessor-version":[{"id":21034,"href":"https:\/\/fotokreis-siegen.de\/index.php?rest_route=\/wp\/v2\/posts\/20971\/revisions\/21034"}],"wp:attachment":[{"href":"https:\/\/fotokreis-siegen.de\/index.php?rest_route=%2Fwp%2Fv2%2Fmedia&parent=20971"}],"wp:term":[{"taxonomy":"category","embeddable":true,"href":"https:\/\/fotokreis-siegen.de\/index.php?rest_route=%2Fwp%2Fv2%2Fcategories&post=20971"},{"taxonomy":"post_tag","embeddable":true,"href":"https:\/\/fotokreis-siegen.de\/index.php?rest_route=%2Fwp%2Fv2%2Ftags&post=20971"}],"curies":[{"name":"wp","href":"https:\/\/api.w.org\/{rel}","templated":true}]}}