{"id":20952,"date":"2023-03-12T22:23:16","date_gmt":"2023-03-12T22:23:16","guid":{"rendered":"https:\/\/fotokreis-siegen.de\/?p=20952"},"modified":"2023-03-12T22:23:17","modified_gmt":"2023-03-12T22:23:17","slug":"bdm-projektion-online-vom-10-maerz","status":"publish","type":"post","link":"https:\/\/fotokreis-siegen.de\/?p=20952","title":{"rendered":"BdM Projektion (Online) vom 10. M\u00e4rz"},"content":{"rendered":"\n<figure class=\"wp-block-image aligncenter size-large is-resized\"><img fetchpriority=\"high\" decoding=\"async\" src=\"http:\/\/fotokreis-siegen.de\/wp-content\/uploads\/2023\/03\/20230310-05-1024x684.jpg\" alt=\"\" class=\"wp-image-20925\" width=\"768\" height=\"513\" srcset=\"https:\/\/fotokreis-siegen.de\/wp-content\/uploads\/2023\/03\/20230310-05-1024x684.jpg 1024w, https:\/\/fotokreis-siegen.de\/wp-content\/uploads\/2023\/03\/20230310-05-300x200.jpg 300w, https:\/\/fotokreis-siegen.de\/wp-content\/uploads\/2023\/03\/20230310-05-768x513.jpg 768w, https:\/\/fotokreis-siegen.de\/wp-content\/uploads\/2023\/03\/20230310-05-1536x1025.jpg 1536w, https:\/\/fotokreis-siegen.de\/wp-content\/uploads\/2023\/03\/20230310-05-830x554.jpg 830w, https:\/\/fotokreis-siegen.de\/wp-content\/uploads\/2023\/03\/20230310-05-230x154.jpg 230w, https:\/\/fotokreis-siegen.de\/wp-content\/uploads\/2023\/03\/20230310-05-350x234.jpg 350w, https:\/\/fotokreis-siegen.de\/wp-content\/uploads\/2023\/03\/20230310-05-480x320.jpg 480w, https:\/\/fotokreis-siegen.de\/wp-content\/uploads\/2023\/03\/20230310-05.jpg 1618w\" sizes=\"(max-width: 768px) 100vw, 768px\" \/><figcaption class=\"wp-element-caption\">Hermann Geppert &#8211; Dubai<\/figcaption><\/figure>\n\n\n\n<p>Am 10. Februar fand der BdM Projektion als Online BdM statt. Es nahmen elf Mitglieder mit ihren Bildern an dem Wettbewerb teil. Abgestimmt haben neun Mitglieder. Am Abend des 10. M\u00e4rz wurde dann eine Videokonferenz mit zw\u00f6lf Mitgliedern und einem sehr interessierten Gast abgehalten. Vor der Besprechung der Bilder wurde noch \u00fcber die Mitgliederversammlung gesprochen. Dann ging es an die Besprechung der Bilder und der Ergebnisse. Sieger des Wettbewerbs wurde Hermann Geppert mit dem Beitrag \u201eDubai\u201c. Herzlichen Gl\u00fcckwunsch!\u00a0<\/p>\n\n\n\n<p>Der n\u00e4chste Papier-Wettbewerb (BdM Color) findet wieder als Pr\u00e4senzveranstaltung in unserem Vereinsraum statt. Dazu sind alle Mitglieder f\u00fcr den kommenden Freitag um 20 Uhr sehr herzlich eingeladen.<\/p>\n","protected":false},"excerpt":{"rendered":"<p>Am 10. Februar fand der BdM Projektion als Online BdM statt. Es nahmen elf Mitglieder mit ihren Bildern an dem Wettbewerb teil. [&hellip;]<\/p>\n","protected":false},"author":2,"featured_media":0,"comment_status":"closed","ping_status":"open","sticky":false,"template":"","format":"standard","meta":{"_jetpack_memberships_contains_paid_content":false,"footnotes":""},"categories":[17,3,26],"tags":[],"class_list":["post-20952","post","type-post","status-publish","format-standard","hentry","category-bdm-projektion","category-bild-des-monats","category-online-bdm"],"jetpack_featured_media_url":"","jetpack_sharing_enabled":true,"_links":{"self":[{"href":"https:\/\/fotokreis-siegen.de\/index.php?rest_route=\/wp\/v2\/posts\/20952","targetHints":{"allow":["GET"]}}],"collection":[{"href":"https:\/\/fotokreis-siegen.de\/index.php?rest_route=\/wp\/v2\/posts"}],"about":[{"href":"https:\/\/fotokreis-siegen.de\/index.php?rest_route=\/wp\/v2\/types\/post"}],"author":[{"embeddable":true,"href":"https:\/\/fotokreis-siegen.de\/index.php?rest_route=\/wp\/v2\/users\/2"}],"replies":[{"embeddable":true,"href":"https:\/\/fotokreis-siegen.de\/index.php?rest_route=%2Fwp%2Fv2%2Fcomments&post=20952"}],"version-history":[{"count":4,"href":"https:\/\/fotokreis-siegen.de\/index.php?rest_route=\/wp\/v2\/posts\/20952\/revisions"}],"predecessor-version":[{"id":20956,"href":"https:\/\/fotokreis-siegen.de\/index.php?rest_route=\/wp\/v2\/posts\/20952\/revisions\/20956"}],"wp:attachment":[{"href":"https:\/\/fotokreis-siegen.de\/index.php?rest_route=%2Fwp%2Fv2%2Fmedia&parent=20952"}],"wp:term":[{"taxonomy":"category","embeddable":true,"href":"https:\/\/fotokreis-siegen.de\/index.php?rest_route=%2Fwp%2Fv2%2Fcategories&post=20952"},{"taxonomy":"post_tag","embeddable":true,"href":"https:\/\/fotokreis-siegen.de\/index.php?rest_route=%2Fwp%2Fv2%2Ftags&post=20952"}],"curies":[{"name":"wp","href":"https:\/\/api.w.org\/{rel}","templated":true}]}}