{"id":20876,"date":"2023-03-05T13:14:56","date_gmt":"2023-03-05T13:14:56","guid":{"rendered":"https:\/\/fotokreis-siegen.de\/?p=20876"},"modified":"2023-03-05T13:14:57","modified_gmt":"2023-03-05T13:14:57","slug":"mitgliederversammlung-2023","status":"publish","type":"post","link":"https:\/\/fotokreis-siegen.de\/?p=20876","title":{"rendered":"Mitgliederversammlung 2023"},"content":{"rendered":"\n<p>Die Mitgliederversammlung 2023 fand am 3. M\u00e4rz 2023 auf Wunsch der Mitglieder online statt. An der Online-Versammlung hatten 13 Mitglieder teilgenommen. Bei der Er\u00f6ffnungsrede lobte der scheidende 1. Vorsitzende Stefan Sauer den Einsatz der Mitglieder, dass trotz der erschwerten Umst\u00e4nde der immer noch anhaltenden Situation in der Pandemie, ein eingeschr\u00e4nktes Vereinsleben m\u00f6glich wurde. Das bisherige Konzept mit den Online BdMs erm\u00f6glichte bisher ein erfolgreichen Fortbestand der w\u00f6chentlichen BdMs in Form von Online Treffen und Bewertungen. Das neue Konzept mit dem Mix aus Online- und Pr\u00e4senzveranstaltungen seit Beginn des Jahres leidet bei den Pr\u00e4senzveranstaltungen noch ein wenig an der zahlreichen Beteiligung, aber die Entscheidung zum Mix finden die meisten Mitglieder gut.<\/p>\n\n\n\n<p>Dieses Jahr standen Vorstandswahlen an und so wurde die Abstimmung Online durchgef\u00fchrt, was auch sehr gut und schnell funktioniert hat. Da der bisherige 1. Vorsitzende Stefan Sauer auf eigenen Wunsch nicht mehr zur Wiederwahl stand, wurde Kruno Schmidt, unser bisheriger 2. Vorsitzende, vorgeschlagen. Mit zw\u00f6lf Ja-Stimmen und einer Enthaltung wurde Kruno Schmidt zum neuen 1. Vorsitzenden gew\u00e4hlt. Zum 2. Vorsitzenden wurde Christian Scheerer gew\u00e4hlt. Als neuer\/alter Kassenwart des Vereins wurde Uwe Schmidt von den anwesenden best\u00e4tigt. Zum 2. Kassenpr\u00fcfer wurde Bernhard Br\u00fcsemeister gew\u00e4hlt. Der scheidende 1. Vorsitzende Stefan Sauer bedankte sich nochmals f\u00fcr das Vertrauen, dass ihm 17 Jahre lang f\u00fcr seine T\u00e4tigkeit entgegengebracht wurde und w\u00fcnschte dem neu gew\u00e4hlten Vorstand viel Erfolg.\u00a0<\/p>\n\n\n\n<p>Nochmals ein gro\u00dfer Dank an den scheidenden 1. Vorsitzenden Stefan Sauer f\u00fcr seine langj\u00e4hrige wichtige und verantwortungsvolle Arbeit als 1. Vorsitzender des Vereins. Ein Dank auch an die neu gew\u00e4hlten Vorstandsmitglieder Kruno Schmidt und Christian Scheerer f\u00fcr die Bereitschaft ein Vorstandsamt anzunehmen. Wir w\u00fcnschen den neu gew\u00e4hlten Vorstand viel Gl\u00fcck und gutes Gelingen f\u00fcr ihre wichtige Arbeit.<\/p>\n\n\n\n<p>Der Termin der n\u00e4chsten Jahreshauptversammlung wurde auf den 8. M\u00e4rz 2024 festgesetzt.<\/p>\n","protected":false},"excerpt":{"rendered":"<p>Die Mitgliederversammlung 2023 fand am 3. M\u00e4rz 2023 auf Wunsch der Mitglieder online statt. An der Online-Versammlung hatten 13 Mitglieder teilgenommen. Bei [&hellip;]<\/p>\n","protected":false},"author":2,"featured_media":0,"comment_status":"closed","ping_status":"open","sticky":false,"template":"","format":"standard","meta":{"_jetpack_memberships_contains_paid_content":false,"footnotes":""},"categories":[14],"tags":[],"class_list":["post-20876","post","type-post","status-publish","format-standard","hentry","category-verein"],"jetpack_featured_media_url":"","jetpack_sharing_enabled":true,"_links":{"self":[{"href":"https:\/\/fotokreis-siegen.de\/index.php?rest_route=\/wp\/v2\/posts\/20876","targetHints":{"allow":["GET"]}}],"collection":[{"href":"https:\/\/fotokreis-siegen.de\/index.php?rest_route=\/wp\/v2\/posts"}],"about":[{"href":"https:\/\/fotokreis-siegen.de\/index.php?rest_route=\/wp\/v2\/types\/post"}],"author":[{"embeddable":true,"href":"https:\/\/fotokreis-siegen.de\/index.php?rest_route=\/wp\/v2\/users\/2"}],"replies":[{"embeddable":true,"href":"https:\/\/fotokreis-siegen.de\/index.php?rest_route=%2Fwp%2Fv2%2Fcomments&post=20876"}],"version-history":[{"count":1,"href":"https:\/\/fotokreis-siegen.de\/index.php?rest_route=\/wp\/v2\/posts\/20876\/revisions"}],"predecessor-version":[{"id":20877,"href":"https:\/\/fotokreis-siegen.de\/index.php?rest_route=\/wp\/v2\/posts\/20876\/revisions\/20877"}],"wp:attachment":[{"href":"https:\/\/fotokreis-siegen.de\/index.php?rest_route=%2Fwp%2Fv2%2Fmedia&parent=20876"}],"wp:term":[{"taxonomy":"category","embeddable":true,"href":"https:\/\/fotokreis-siegen.de\/index.php?rest_route=%2Fwp%2Fv2%2Fcategories&post=20876"},{"taxonomy":"post_tag","embeddable":true,"href":"https:\/\/fotokreis-siegen.de\/index.php?rest_route=%2Fwp%2Fv2%2Ftags&post=20876"}],"curies":[{"name":"wp","href":"https:\/\/api.w.org\/{rel}","templated":true}]}}