{"id":20853,"date":"2023-02-20T21:00:19","date_gmt":"2023-02-20T21:00:19","guid":{"rendered":"https:\/\/fotokreis-siegen.de\/?p=20853"},"modified":"2023-02-20T21:00:20","modified_gmt":"2023-02-20T21:00:20","slug":"bdm-thema-wege-vom-17-februar","status":"publish","type":"post","link":"https:\/\/fotokreis-siegen.de\/?p=20853","title":{"rendered":"BdM Thema \u201eWege\u201c vom 17. Februar"},"content":{"rendered":"\n<figure class=\"wp-block-image aligncenter size-large is-resized\"><img fetchpriority=\"high\" decoding=\"async\" src=\"http:\/\/fotokreis-siegen.de\/wp-content\/uploads\/2023\/02\/20230217-06-1024x1024.jpg\" alt=\"\" class=\"wp-image-20820\" width=\"768\" height=\"768\" srcset=\"https:\/\/fotokreis-siegen.de\/wp-content\/uploads\/2023\/02\/20230217-06-1024x1024.jpg 1024w, https:\/\/fotokreis-siegen.de\/wp-content\/uploads\/2023\/02\/20230217-06-300x300.jpg 300w, https:\/\/fotokreis-siegen.de\/wp-content\/uploads\/2023\/02\/20230217-06-150x150.jpg 150w, https:\/\/fotokreis-siegen.de\/wp-content\/uploads\/2023\/02\/20230217-06-768x768.jpg 768w, https:\/\/fotokreis-siegen.de\/wp-content\/uploads\/2023\/02\/20230217-06-830x830.jpg 830w, https:\/\/fotokreis-siegen.de\/wp-content\/uploads\/2023\/02\/20230217-06-230x230.jpg 230w, https:\/\/fotokreis-siegen.de\/wp-content\/uploads\/2023\/02\/20230217-06-350x350.jpg 350w, https:\/\/fotokreis-siegen.de\/wp-content\/uploads\/2023\/02\/20230217-06-480x480.jpg 480w, https:\/\/fotokreis-siegen.de\/wp-content\/uploads\/2023\/02\/20230217-06.jpg 1080w\" sizes=\"(max-width: 768px) 100vw, 768px\" \/><figcaption class=\"wp-element-caption\">Kruno Schmidt (EFIAP) &#8211; Den Weg gemeinsam gehen<\/figcaption><\/figure>\n\n\n\n<p>Am 17. Februar haben wir den BdM Thema als Online BdM durchgef\u00fchrt. Es nahmen zw\u00f6lf Mitglieder mit ihren Bildern an dem Wettbewerb teil. Abgestimmt haben ebenfalls zw\u00f6lf Mitglieder. Am Abend des 17. Februar wurde dann eine Videokonferenz mit elf Mitgliedern abgehalten. Die meisten Beitr\u00e4ge haben das Thema getroffen, bei einigen gab es aber Diskussionsbedarf. Sieger des Wettbewerbs wurde Kruno Schmidt mit dem Beitrag \u201eDen Weg gemeinsam gehen\u201c. Herzlichen Gl\u00fcckwunsch!\u00a0<\/p>\n\n\n\n<p>Der n\u00e4chste Papier-Wettbewerb (BdM SchwarzWeiss) findet wieder als Pr\u00e4senzveranstaltung in unserem Vereinsraum statt. Dazu sind alle Mitglieder f\u00fcr den kommenden Freitag um 20 Uhr sehr herzlich eingeladen.<\/p>\n","protected":false},"excerpt":{"rendered":"<p>Am 17. Februar haben wir den BdM Thema als Online BdM durchgef\u00fchrt. Es nahmen zw\u00f6lf Mitglieder mit ihren Bildern an dem Wettbewerb [&hellip;]<\/p>\n","protected":false},"author":2,"featured_media":0,"comment_status":"closed","ping_status":"open","sticky":false,"template":"","format":"standard","meta":{"_jetpack_memberships_contains_paid_content":false,"footnotes":""},"categories":[12,3,26],"tags":[],"class_list":["post-20853","post","type-post","status-publish","format-standard","hentry","category-bdm-thema","category-bild-des-monats","category-online-bdm"],"jetpack_featured_media_url":"","jetpack_sharing_enabled":true,"_links":{"self":[{"href":"https:\/\/fotokreis-siegen.de\/index.php?rest_route=\/wp\/v2\/posts\/20853","targetHints":{"allow":["GET"]}}],"collection":[{"href":"https:\/\/fotokreis-siegen.de\/index.php?rest_route=\/wp\/v2\/posts"}],"about":[{"href":"https:\/\/fotokreis-siegen.de\/index.php?rest_route=\/wp\/v2\/types\/post"}],"author":[{"embeddable":true,"href":"https:\/\/fotokreis-siegen.de\/index.php?rest_route=\/wp\/v2\/users\/2"}],"replies":[{"embeddable":true,"href":"https:\/\/fotokreis-siegen.de\/index.php?rest_route=%2Fwp%2Fv2%2Fcomments&post=20853"}],"version-history":[{"count":3,"href":"https:\/\/fotokreis-siegen.de\/index.php?rest_route=\/wp\/v2\/posts\/20853\/revisions"}],"predecessor-version":[{"id":20856,"href":"https:\/\/fotokreis-siegen.de\/index.php?rest_route=\/wp\/v2\/posts\/20853\/revisions\/20856"}],"wp:attachment":[{"href":"https:\/\/fotokreis-siegen.de\/index.php?rest_route=%2Fwp%2Fv2%2Fmedia&parent=20853"}],"wp:term":[{"taxonomy":"category","embeddable":true,"href":"https:\/\/fotokreis-siegen.de\/index.php?rest_route=%2Fwp%2Fv2%2Fcategories&post=20853"},{"taxonomy":"post_tag","embeddable":true,"href":"https:\/\/fotokreis-siegen.de\/index.php?rest_route=%2Fwp%2Fv2%2Ftags&post=20853"}],"curies":[{"name":"wp","href":"https:\/\/api.w.org\/{rel}","templated":true}]}}