{"id":20806,"date":"2023-02-12T21:38:10","date_gmt":"2023-02-12T21:38:10","guid":{"rendered":"https:\/\/fotokreis-siegen.de\/?p=20806"},"modified":"2023-04-17T20:36:12","modified_gmt":"2023-04-17T20:36:12","slug":"bdm-color-vom-10-februar","status":"publish","type":"post","link":"https:\/\/fotokreis-siegen.de\/?p=20806","title":{"rendered":"BdM Color vom 10. Februar"},"content":{"rendered":"\n<figure class=\"wp-block-image aligncenter size-large is-resized\"><img fetchpriority=\"high\" decoding=\"async\" src=\"http:\/\/fotokreis-siegen.de\/wp-content\/uploads\/2023\/02\/20230210_Der_Skeptiker-1024x857.jpg\" alt=\"\" class=\"wp-image-20798\" width=\"768\" height=\"643\" srcset=\"https:\/\/fotokreis-siegen.de\/wp-content\/uploads\/2023\/02\/20230210_Der_Skeptiker-1024x857.jpg 1024w, https:\/\/fotokreis-siegen.de\/wp-content\/uploads\/2023\/02\/20230210_Der_Skeptiker-300x251.jpg 300w, https:\/\/fotokreis-siegen.de\/wp-content\/uploads\/2023\/02\/20230210_Der_Skeptiker-768x642.jpg 768w, https:\/\/fotokreis-siegen.de\/wp-content\/uploads\/2023\/02\/20230210_Der_Skeptiker-830x694.jpg 830w, https:\/\/fotokreis-siegen.de\/wp-content\/uploads\/2023\/02\/20230210_Der_Skeptiker-230x192.jpg 230w, https:\/\/fotokreis-siegen.de\/wp-content\/uploads\/2023\/02\/20230210_Der_Skeptiker-350x293.jpg 350w, https:\/\/fotokreis-siegen.de\/wp-content\/uploads\/2023\/02\/20230210_Der_Skeptiker-480x402.jpg 480w, https:\/\/fotokreis-siegen.de\/wp-content\/uploads\/2023\/02\/20230210_Der_Skeptiker.jpg 1291w\" sizes=\"(max-width: 768px) 100vw, 768px\" \/><figcaption class=\"wp-element-caption\">Kruno Schmidt (EFIAP) &#8211; Der Skeptiker<\/figcaption><\/figure>\n\n\n\n<p>Am 10. Februar fand unseren BdM Color als Pr\u00e4senzveranstaltung in unseren Vereinr\u00e4umen statt. An dem Abend haben sieben Mitglieder in unseren Clubraum teilgenommen. Au\u00dferdem konnten wir an dem Abend einen Gast begr\u00fc\u00dfen, der auch gleich ein Bild mitgebracht hat. Zuerst gab es eine sehr positive Resonanz \u00fcber die laufende Ausstellung. Dann ging es an die Bildbewertung. Am Wettbewerb haben sich f\u00fcnf der anwesenden Mitglieder und unser Gast mit ihren Papierbeitr\u00e4gen beteiligt. Abgestimmt haben alle anwesenden Mitglieder und jedes der Bilder sehr ausf\u00fchrlich besprochen. Das recht hohe Niveau der gezeigten Bilder spiegelte auch das Ergebnis wieder. Sieger des Wettbewerbs wurde der Beitrag von Kruno Schmidt mit dem Titel \u201eDer Skeptiker\u201c. Herzlichen Gl\u00fcckwunsch!<\/p>\n\n\n\n<p>F\u00fcr den kommenden Wettbewerb (BdM Thema \u201eWege\u201c), der als Online BdM am 17. Februar stattfindet, werden alle Mitglieder per Rundmail informiert. Bei den Online BdM Einsendungen aber vor allem auch den Abstimmungen k\u00f6nnen selbstverst\u00e4ndlich alle unsere Mitglieder mitmachen.<\/p>\n","protected":false},"excerpt":{"rendered":"<p>Am 10. Februar fand unseren BdM Color als Pr\u00e4senzveranstaltung in unseren Vereinr\u00e4umen statt. An dem Abend haben sieben Mitglieder in unseren Clubraum [&hellip;]<\/p>\n","protected":false},"author":2,"featured_media":0,"comment_status":"closed","ping_status":"open","sticky":false,"template":"","format":"standard","meta":{"_jetpack_memberships_contains_paid_content":false,"footnotes":""},"categories":[10,3],"tags":[],"class_list":["post-20806","post","type-post","status-publish","format-standard","hentry","category-bdm-color","category-bild-des-monats"],"jetpack_featured_media_url":"","jetpack_sharing_enabled":true,"_links":{"self":[{"href":"https:\/\/fotokreis-siegen.de\/index.php?rest_route=\/wp\/v2\/posts\/20806","targetHints":{"allow":["GET"]}}],"collection":[{"href":"https:\/\/fotokreis-siegen.de\/index.php?rest_route=\/wp\/v2\/posts"}],"about":[{"href":"https:\/\/fotokreis-siegen.de\/index.php?rest_route=\/wp\/v2\/types\/post"}],"author":[{"embeddable":true,"href":"https:\/\/fotokreis-siegen.de\/index.php?rest_route=\/wp\/v2\/users\/2"}],"replies":[{"embeddable":true,"href":"https:\/\/fotokreis-siegen.de\/index.php?rest_route=%2Fwp%2Fv2%2Fcomments&post=20806"}],"version-history":[{"count":3,"href":"https:\/\/fotokreis-siegen.de\/index.php?rest_route=\/wp\/v2\/posts\/20806\/revisions"}],"predecessor-version":[{"id":21035,"href":"https:\/\/fotokreis-siegen.de\/index.php?rest_route=\/wp\/v2\/posts\/20806\/revisions\/21035"}],"wp:attachment":[{"href":"https:\/\/fotokreis-siegen.de\/index.php?rest_route=%2Fwp%2Fv2%2Fmedia&parent=20806"}],"wp:term":[{"taxonomy":"category","embeddable":true,"href":"https:\/\/fotokreis-siegen.de\/index.php?rest_route=%2Fwp%2Fv2%2Fcategories&post=20806"},{"taxonomy":"post_tag","embeddable":true,"href":"https:\/\/fotokreis-siegen.de\/index.php?rest_route=%2Fwp%2Fv2%2Ftags&post=20806"}],"curies":[{"name":"wp","href":"https:\/\/api.w.org\/{rel}","templated":true}]}}