{"id":20794,"date":"2023-02-05T19:05:05","date_gmt":"2023-02-05T19:05:05","guid":{"rendered":"https:\/\/fotokreis-siegen.de\/?p=20794"},"modified":"2023-02-05T19:05:07","modified_gmt":"2023-02-05T19:05:07","slug":"bdm-projektion-online-vom-3-februar","status":"publish","type":"post","link":"https:\/\/fotokreis-siegen.de\/?p=20794","title":{"rendered":"BdM Projektion (Online) vom 3. Februar"},"content":{"rendered":"\n<figure class=\"wp-block-image aligncenter size-large is-resized\"><img fetchpriority=\"high\" decoding=\"async\" src=\"http:\/\/fotokreis-siegen.de\/wp-content\/uploads\/2023\/01\/20230203-02-1024x768.jpg\" alt=\"\" class=\"wp-image-20758\" width=\"768\" height=\"576\" srcset=\"https:\/\/fotokreis-siegen.de\/wp-content\/uploads\/2023\/01\/20230203-02-1024x768.jpg 1024w, https:\/\/fotokreis-siegen.de\/wp-content\/uploads\/2023\/01\/20230203-02-300x225.jpg 300w, https:\/\/fotokreis-siegen.de\/wp-content\/uploads\/2023\/01\/20230203-02-768x576.jpg 768w, https:\/\/fotokreis-siegen.de\/wp-content\/uploads\/2023\/01\/20230203-02-830x623.jpg 830w, https:\/\/fotokreis-siegen.de\/wp-content\/uploads\/2023\/01\/20230203-02-230x173.jpg 230w, https:\/\/fotokreis-siegen.de\/wp-content\/uploads\/2023\/01\/20230203-02-350x263.jpg 350w, https:\/\/fotokreis-siegen.de\/wp-content\/uploads\/2023\/01\/20230203-02-480x360.jpg 480w, https:\/\/fotokreis-siegen.de\/wp-content\/uploads\/2023\/01\/20230203-02.jpg 1440w\" sizes=\"(max-width: 768px) 100vw, 768px\" \/><figcaption class=\"wp-element-caption\">Rainer Genehr &#8211; Viererbob<\/figcaption><\/figure>\n\n\n\n<p>Am 3. Februar fand der BdM Projektion als Online BdM durchgef\u00fchrt. Es nahmen zw\u00f6lf Mitglieder mit ihren Bildern an dem Wettbewerb teil. Abgestimmt haben dreizehn Mitglieder. Am Abend des 3. Februar wurde dann eine Videokonferenz mit acht Mitgliedern abgehalten. Vor der Besprechung der Bilder wurde noch kurz \u00fcber von Christian Feigs gestaltete Sonderschau \u201eDie Dolomiten\u201c am vergangenen Donnerstag gesprochen. Gez\u00e4hlt wurden 26 Besucher und die Sonderschau kam beim Publikum sehr gut an. Dann ging es an die Bildbesprechung. Sieger des Wettbewerbs wurde Rainer Genehr mit dem Beitrag \u201eViererbob\u201c. Herzlichen Gl\u00fcckwunsch!\u00a0<\/p>\n\n\n\n<p>Der n\u00e4chste Papier-Wettbewerb (BdM Color) findet wieder als Pr\u00e4senzveranstaltung in unserem Vereinsraum statt. Dazu sind alle Mitglieder f\u00fcr den kommenden Freitag um 20 Uhr sehr herzlich eingeladen. Zu beachten sind nat\u00fcrlich die aktuellen Corona Hygieneregeln.<\/p>\n","protected":false},"excerpt":{"rendered":"<p>Am 3. Februar fand der BdM Projektion als Online BdM durchgef\u00fchrt. Es nahmen zw\u00f6lf Mitglieder mit ihren Bildern an dem Wettbewerb teil. [&hellip;]<\/p>\n","protected":false},"author":2,"featured_media":0,"comment_status":"closed","ping_status":"open","sticky":false,"template":"","format":"standard","meta":{"_jetpack_memberships_contains_paid_content":false,"footnotes":""},"categories":[17,3,26],"tags":[],"class_list":["post-20794","post","type-post","status-publish","format-standard","hentry","category-bdm-projektion","category-bild-des-monats","category-online-bdm"],"jetpack_featured_media_url":"","jetpack_sharing_enabled":true,"_links":{"self":[{"href":"https:\/\/fotokreis-siegen.de\/index.php?rest_route=\/wp\/v2\/posts\/20794","targetHints":{"allow":["GET"]}}],"collection":[{"href":"https:\/\/fotokreis-siegen.de\/index.php?rest_route=\/wp\/v2\/posts"}],"about":[{"href":"https:\/\/fotokreis-siegen.de\/index.php?rest_route=\/wp\/v2\/types\/post"}],"author":[{"embeddable":true,"href":"https:\/\/fotokreis-siegen.de\/index.php?rest_route=\/wp\/v2\/users\/2"}],"replies":[{"embeddable":true,"href":"https:\/\/fotokreis-siegen.de\/index.php?rest_route=%2Fwp%2Fv2%2Fcomments&post=20794"}],"version-history":[{"count":3,"href":"https:\/\/fotokreis-siegen.de\/index.php?rest_route=\/wp\/v2\/posts\/20794\/revisions"}],"predecessor-version":[{"id":20797,"href":"https:\/\/fotokreis-siegen.de\/index.php?rest_route=\/wp\/v2\/posts\/20794\/revisions\/20797"}],"wp:attachment":[{"href":"https:\/\/fotokreis-siegen.de\/index.php?rest_route=%2Fwp%2Fv2%2Fmedia&parent=20794"}],"wp:term":[{"taxonomy":"category","embeddable":true,"href":"https:\/\/fotokreis-siegen.de\/index.php?rest_route=%2Fwp%2Fv2%2Fcategories&post=20794"},{"taxonomy":"post_tag","embeddable":true,"href":"https:\/\/fotokreis-siegen.de\/index.php?rest_route=%2Fwp%2Fv2%2Ftags&post=20794"}],"curies":[{"name":"wp","href":"https:\/\/api.w.org\/{rel}","templated":true}]}}