{"id":20754,"date":"2023-01-29T10:43:02","date_gmt":"2023-01-29T10:43:02","guid":{"rendered":"https:\/\/fotokreis-siegen.de\/?p=20754"},"modified":"2023-04-17T20:36:56","modified_gmt":"2023-04-17T20:36:56","slug":"bdm-schwarzweiss-vom-27-januar","status":"publish","type":"post","link":"https:\/\/fotokreis-siegen.de\/?p=20754","title":{"rendered":"BdM SchwarzWeiss vom 27. Januar"},"content":{"rendered":"\n<figure class=\"wp-block-image aligncenter size-large is-resized\"><img fetchpriority=\"high\" decoding=\"async\" src=\"http:\/\/fotokreis-siegen.de\/wp-content\/uploads\/2023\/01\/20230127_BDM_SW_Motocross-1024x699.jpg\" alt=\"\" class=\"wp-image-20747\" width=\"768\" height=\"524\" srcset=\"https:\/\/fotokreis-siegen.de\/wp-content\/uploads\/2023\/01\/20230127_BDM_SW_Motocross-1024x699.jpg 1024w, https:\/\/fotokreis-siegen.de\/wp-content\/uploads\/2023\/01\/20230127_BDM_SW_Motocross-300x205.jpg 300w, https:\/\/fotokreis-siegen.de\/wp-content\/uploads\/2023\/01\/20230127_BDM_SW_Motocross-768x524.jpg 768w, https:\/\/fotokreis-siegen.de\/wp-content\/uploads\/2023\/01\/20230127_BDM_SW_Motocross-1536x1048.jpg 1536w, https:\/\/fotokreis-siegen.de\/wp-content\/uploads\/2023\/01\/20230127_BDM_SW_Motocross-830x566.jpg 830w, https:\/\/fotokreis-siegen.de\/wp-content\/uploads\/2023\/01\/20230127_BDM_SW_Motocross-230x157.jpg 230w, https:\/\/fotokreis-siegen.de\/wp-content\/uploads\/2023\/01\/20230127_BDM_SW_Motocross-350x239.jpg 350w, https:\/\/fotokreis-siegen.de\/wp-content\/uploads\/2023\/01\/20230127_BDM_SW_Motocross-480x327.jpg 480w, https:\/\/fotokreis-siegen.de\/wp-content\/uploads\/2023\/01\/20230127_BDM_SW_Motocross.jpg 1583w\" sizes=\"(max-width: 768px) 100vw, 768px\" \/><figcaption class=\"wp-element-caption\">Rainer Genehr &#8211; Motocross<\/figcaption><\/figure>\n\n\n\n<p>Am 27. Januar fand unseren BdM SchwarzWeiss wieder als Pr\u00e4senzveranstaltung in unseren Vereinr\u00e4umen statt. An dem Abend fanden f\u00fcnf Mitglieder den Weg in unseren Clubraum am Wettbewerb haben sich f\u00fcnf Mitglieder mit ihren Papierbeitr\u00e4gen beteiligt. Zuerst wurde \u00fcber die Ausstellung gesprochen. Die Ausstellung kommt in diesem Jahr bei den Besuchern sehr positiv an. Die Sonderschau \u201eDie Dolomiten\u201c am kommenden Donnerstag wird sicherlich auch zu einem positiven Ergebnis im Blick auf die Besucherzahl beitragen. Dann ging es an die Bewertung der Beitr\u00e4ge. Abgestimmt haben alle f\u00fcnf anwesenden Mitglieder. Trotz kleiner Runde wurde lange und rege \u00fcber die Beitr\u00e4ge diskutiert. Das recht hohe Niveau der gezeigten Bilder spiegelte sich auch in den Bewertungen wieder, der letzte Platz bekam immerhin 6,07 von 10 Punkten. Sieger des Wettbewerbs wurde der Beitrag von Rainer Genehr mit dem Titel \u201eMotocross\u201c. Herzlichen Gl\u00fcckwunsch!<\/p>\n\n\n\n<p>F\u00fcr den kommenden Wettbewerb (BdM Projektion), der als Online BdM am 03. Februar stattfindet, werden alle Mitglieder per Rundmail informiert. Bei den Online BdM Einsendungen aber vor allem auch den Abstimmungen k\u00f6nnen selbstverst\u00e4ndlich alle unsere Mitglieder mitmachen.<\/p>\n","protected":false},"excerpt":{"rendered":"<p>Am 27. Januar fand unseren BdM SchwarzWeiss wieder als Pr\u00e4senzveranstaltung in unseren Vereinr\u00e4umen statt. An dem Abend fanden f\u00fcnf Mitglieder den Weg [&hellip;]<\/p>\n","protected":false},"author":2,"featured_media":0,"comment_status":"closed","ping_status":"open","sticky":false,"template":"","format":"standard","meta":{"_jetpack_memberships_contains_paid_content":false,"footnotes":""},"categories":[11,3],"tags":[],"class_list":["post-20754","post","type-post","status-publish","format-standard","hentry","category-bdm-sw","category-bild-des-monats"],"jetpack_featured_media_url":"","jetpack_sharing_enabled":true,"_links":{"self":[{"href":"https:\/\/fotokreis-siegen.de\/index.php?rest_route=\/wp\/v2\/posts\/20754","targetHints":{"allow":["GET"]}}],"collection":[{"href":"https:\/\/fotokreis-siegen.de\/index.php?rest_route=\/wp\/v2\/posts"}],"about":[{"href":"https:\/\/fotokreis-siegen.de\/index.php?rest_route=\/wp\/v2\/types\/post"}],"author":[{"embeddable":true,"href":"https:\/\/fotokreis-siegen.de\/index.php?rest_route=\/wp\/v2\/users\/2"}],"replies":[{"embeddable":true,"href":"https:\/\/fotokreis-siegen.de\/index.php?rest_route=%2Fwp%2Fv2%2Fcomments&post=20754"}],"version-history":[{"count":3,"href":"https:\/\/fotokreis-siegen.de\/index.php?rest_route=\/wp\/v2\/posts\/20754\/revisions"}],"predecessor-version":[{"id":21037,"href":"https:\/\/fotokreis-siegen.de\/index.php?rest_route=\/wp\/v2\/posts\/20754\/revisions\/21037"}],"wp:attachment":[{"href":"https:\/\/fotokreis-siegen.de\/index.php?rest_route=%2Fwp%2Fv2%2Fmedia&parent=20754"}],"wp:term":[{"taxonomy":"category","embeddable":true,"href":"https:\/\/fotokreis-siegen.de\/index.php?rest_route=%2Fwp%2Fv2%2Fcategories&post=20754"},{"taxonomy":"post_tag","embeddable":true,"href":"https:\/\/fotokreis-siegen.de\/index.php?rest_route=%2Fwp%2Fv2%2Ftags&post=20754"}],"curies":[{"name":"wp","href":"https:\/\/api.w.org\/{rel}","templated":true}]}}