{"id":20730,"date":"2023-01-22T22:30:19","date_gmt":"2023-01-22T22:30:19","guid":{"rendered":"https:\/\/fotokreis-siegen.de\/?p=20730"},"modified":"2023-01-22T22:30:21","modified_gmt":"2023-01-22T22:30:21","slug":"bdm-thema-baeume-online-vom-20-januar","status":"publish","type":"post","link":"https:\/\/fotokreis-siegen.de\/?p=20730","title":{"rendered":"BdM Thema \u201eB\u00e4ume\u201c (Online) vom 20. Januar"},"content":{"rendered":"\n<figure class=\"wp-block-image aligncenter size-large is-resized\"><img fetchpriority=\"high\" decoding=\"async\" src=\"http:\/\/fotokreis-siegen.de\/wp-content\/uploads\/2023\/01\/20230120-13-1024x576.jpg\" alt=\"\" class=\"wp-image-20676\" width=\"768\" height=\"432\" srcset=\"https:\/\/fotokreis-siegen.de\/wp-content\/uploads\/2023\/01\/20230120-13-1024x576.jpg 1024w, https:\/\/fotokreis-siegen.de\/wp-content\/uploads\/2023\/01\/20230120-13-300x169.jpg 300w, https:\/\/fotokreis-siegen.de\/wp-content\/uploads\/2023\/01\/20230120-13-768x432.jpg 768w, https:\/\/fotokreis-siegen.de\/wp-content\/uploads\/2023\/01\/20230120-13-1536x864.jpg 1536w, https:\/\/fotokreis-siegen.de\/wp-content\/uploads\/2023\/01\/20230120-13-830x467.jpg 830w, https:\/\/fotokreis-siegen.de\/wp-content\/uploads\/2023\/01\/20230120-13-230x129.jpg 230w, https:\/\/fotokreis-siegen.de\/wp-content\/uploads\/2023\/01\/20230120-13-350x197.jpg 350w, https:\/\/fotokreis-siegen.de\/wp-content\/uploads\/2023\/01\/20230120-13-480x270.jpg 480w, https:\/\/fotokreis-siegen.de\/wp-content\/uploads\/2023\/01\/20230120-13.jpg 1920w\" sizes=\"(max-width: 768px) 100vw, 768px\" \/><figcaption class=\"wp-element-caption\">Hermann Werner Schmidt &#8211; B\u00e4ume &#8211; lebend und tot<\/figcaption><\/figure>\n\n\n\n<p>Am 20. Januar haben wir den BdM Projektion als Online BdM durchgef\u00fchrt. Es nahmen dreizehn Mitglieder mit ihren Bildern an dem Wettbewerb teil. Abgestimmt haben nur zehn Mitglieder. Am Abend des 20. Januar wurde dann eine Videokonferenz mit zehn Mitgliedern abgehalten. Zuerst wurde noch auf die, trotz widrigen Winterwetters, sehr erfolgreiche Vernissage hingewiesen. Anschliessend wurden die Ergebnisse des Wettbewerbs besprochen. Alle Beitr\u00e4ge haben das Thema voll getroffen und das Niveau war sehr hoch. Sieger des Wettbewerbs wurde Hermann werner Schmidt mit dem Beitrag \u201eB\u00e4ume &#8211; lebend und tot\u201c. Herzlichen Gl\u00fcckwunsch!\u00a0<\/p>\n\n\n\n<p>Der n\u00e4chste Papier-Wettbewerb (BdM SchwarzWeiss) findet wieder als Pr\u00e4senzveranstaltung in unserem Vereinsraum statt. Dazu sind alle Mitglieder f\u00fcr den kommenden Freitag um 20 Uhr sehr herzlich eingeladen. Zu beachten sind nat\u00fcrlich die aktuellen Corona Hygieneregeln.<\/p>\n","protected":false},"excerpt":{"rendered":"<p>Am 20. Januar haben wir den BdM Projektion als Online BdM durchgef\u00fchrt. Es nahmen dreizehn Mitglieder mit ihren Bildern an dem Wettbewerb [&hellip;]<\/p>\n","protected":false},"author":2,"featured_media":0,"comment_status":"closed","ping_status":"open","sticky":false,"template":"","format":"standard","meta":{"_jetpack_memberships_contains_paid_content":false,"footnotes":""},"categories":[12,3,26],"tags":[],"class_list":["post-20730","post","type-post","status-publish","format-standard","hentry","category-bdm-thema","category-bild-des-monats","category-online-bdm"],"jetpack_featured_media_url":"","jetpack_sharing_enabled":true,"_links":{"self":[{"href":"https:\/\/fotokreis-siegen.de\/index.php?rest_route=\/wp\/v2\/posts\/20730","targetHints":{"allow":["GET"]}}],"collection":[{"href":"https:\/\/fotokreis-siegen.de\/index.php?rest_route=\/wp\/v2\/posts"}],"about":[{"href":"https:\/\/fotokreis-siegen.de\/index.php?rest_route=\/wp\/v2\/types\/post"}],"author":[{"embeddable":true,"href":"https:\/\/fotokreis-siegen.de\/index.php?rest_route=\/wp\/v2\/users\/2"}],"replies":[{"embeddable":true,"href":"https:\/\/fotokreis-siegen.de\/index.php?rest_route=%2Fwp%2Fv2%2Fcomments&post=20730"}],"version-history":[{"count":3,"href":"https:\/\/fotokreis-siegen.de\/index.php?rest_route=\/wp\/v2\/posts\/20730\/revisions"}],"predecessor-version":[{"id":20742,"href":"https:\/\/fotokreis-siegen.de\/index.php?rest_route=\/wp\/v2\/posts\/20730\/revisions\/20742"}],"wp:attachment":[{"href":"https:\/\/fotokreis-siegen.de\/index.php?rest_route=%2Fwp%2Fv2%2Fmedia&parent=20730"}],"wp:term":[{"taxonomy":"category","embeddable":true,"href":"https:\/\/fotokreis-siegen.de\/index.php?rest_route=%2Fwp%2Fv2%2Fcategories&post=20730"},{"taxonomy":"post_tag","embeddable":true,"href":"https:\/\/fotokreis-siegen.de\/index.php?rest_route=%2Fwp%2Fv2%2Ftags&post=20730"}],"curies":[{"name":"wp","href":"https:\/\/api.w.org\/{rel}","templated":true}]}}