{"id":20696,"date":"2023-01-21T20:46:46","date_gmt":"2023-01-21T20:46:46","guid":{"rendered":"https:\/\/fotokreis-siegen.de\/?p=20696"},"modified":"2023-01-21T20:46:48","modified_gmt":"2023-01-21T20:46:48","slug":"vernissage-und-eroeffnung-der-ausstellung-in-haus-seel-am-19-januar","status":"publish","type":"post","link":"https:\/\/fotokreis-siegen.de\/?p=20696","title":{"rendered":"Vernissage und Er\u00f6ffnung der Ausstellung in \u201eHaus Seel\u201c am 19. Januar"},"content":{"rendered":"\n<figure class=\"wp-block-image aligncenter size-large is-resized\"><img fetchpriority=\"high\" decoding=\"async\" src=\"http:\/\/fotokreis-siegen.de\/wp-content\/uploads\/2023\/01\/HausSeel2023_A_Jung-1024x571.jpg\" alt=\"\" class=\"wp-image-20699\" width=\"512\" height=\"286\" srcset=\"https:\/\/fotokreis-siegen.de\/wp-content\/uploads\/2023\/01\/HausSeel2023_A_Jung-1024x571.jpg 1024w, https:\/\/fotokreis-siegen.de\/wp-content\/uploads\/2023\/01\/HausSeel2023_A_Jung-300x167.jpg 300w, https:\/\/fotokreis-siegen.de\/wp-content\/uploads\/2023\/01\/HausSeel2023_A_Jung-768x428.jpg 768w, https:\/\/fotokreis-siegen.de\/wp-content\/uploads\/2023\/01\/HausSeel2023_A_Jung-1536x857.jpg 1536w, https:\/\/fotokreis-siegen.de\/wp-content\/uploads\/2023\/01\/HausSeel2023_A_Jung-2048x1142.jpg 2048w, https:\/\/fotokreis-siegen.de\/wp-content\/uploads\/2023\/01\/HausSeel2023_A_Jung-830x463.jpg 830w, https:\/\/fotokreis-siegen.de\/wp-content\/uploads\/2023\/01\/HausSeel2023_A_Jung-230x128.jpg 230w, https:\/\/fotokreis-siegen.de\/wp-content\/uploads\/2023\/01\/HausSeel2023_A_Jung-350x195.jpg 350w, https:\/\/fotokreis-siegen.de\/wp-content\/uploads\/2023\/01\/HausSeel2023_A_Jung-480x268.jpg 480w\" sizes=\"(max-width: 512px) 100vw, 512px\" \/><figcaption class=\"wp-element-caption\">Angelika Jung (1. stellv. B\u00fcrgermeisterin der Stadt Siegen)<\/figcaption><\/figure>\n\n\n\n<p>Mit gesch\u00e4tzt \u00fcber 80 Besuchern war die diesj\u00e4hrige Er\u00f6ffnung der Jahresausstellung in der St\u00e4dtischen Galerie \u201eHaus Seel\u201c, trotz widrigen Winterwetters, ein voller Erfolg. Neben den foto- und kunstinteressierten Publikum, dass die Veranstaltung in den letzten Jahren regelm\u00e4\u00dfig besuchen, sah man auch einige neue Gesichter. Die lokale Presse hat auch dazu im Vorfeld ausgiebig \u00fcber die Ausstellung berichtet.<\/p>\n\n\n\n<figure class=\"wp-block-image aligncenter size-large is-resized\"><img decoding=\"async\" src=\"http:\/\/fotokreis-siegen.de\/wp-content\/uploads\/2023\/01\/HausSeel2023_CScheerer-1024x571.jpg\" alt=\"\" class=\"wp-image-20700\" width=\"512\" height=\"286\" srcset=\"https:\/\/fotokreis-siegen.de\/wp-content\/uploads\/2023\/01\/HausSeel2023_CScheerer-1024x571.jpg 1024w, https:\/\/fotokreis-siegen.de\/wp-content\/uploads\/2023\/01\/HausSeel2023_CScheerer-300x167.jpg 300w, https:\/\/fotokreis-siegen.de\/wp-content\/uploads\/2023\/01\/HausSeel2023_CScheerer-768x428.jpg 768w, https:\/\/fotokreis-siegen.de\/wp-content\/uploads\/2023\/01\/HausSeel2023_CScheerer-1536x856.jpg 1536w, https:\/\/fotokreis-siegen.de\/wp-content\/uploads\/2023\/01\/HausSeel2023_CScheerer-2048x1141.jpg 2048w, https:\/\/fotokreis-siegen.de\/wp-content\/uploads\/2023\/01\/HausSeel2023_CScheerer-830x463.jpg 830w, https:\/\/fotokreis-siegen.de\/wp-content\/uploads\/2023\/01\/HausSeel2023_CScheerer-230x128.jpg 230w, https:\/\/fotokreis-siegen.de\/wp-content\/uploads\/2023\/01\/HausSeel2023_CScheerer-350x195.jpg 350w, https:\/\/fotokreis-siegen.de\/wp-content\/uploads\/2023\/01\/HausSeel2023_CScheerer-480x267.jpg 480w\" sizes=\"(max-width: 512px) 100vw, 512px\" \/><figcaption class=\"wp-element-caption\">Christian Scheerer (Fotokreis Siegen)<\/figcaption><\/figure>\n\n\n\n<p>Zuerst hielt Angela Jung, 1. stellvertretende B\u00fcrgermeisterin der Stadt Siegen, die Ansprache. Sie hob die Qualit\u00e4t der gezeigten Werke sowie die schon sehr lange Tradition der Ausstellung in der St\u00e4dtischen Galerie in ihrer Rede hervor. Anschlie\u00dfend f\u00fchrte unser Mitglied Christian Scheerer die Anwesenden mit einer humorvollen \u201eRundgang\u201c durch die Ausstellung mit der Frage \u201eWas ist Kunst?\u201c und \u201eKann Fotografie Kunst sein?\u201c sowie die Sonderausstellung \u201eBergwelten\u201c und den beteiligten Fotografen des Fotokreises.<\/p>\n\n\n\n<figure class=\"wp-block-image aligncenter size-large is-resized\"><img decoding=\"async\" src=\"http:\/\/fotokreis-siegen.de\/wp-content\/uploads\/2023\/01\/HausSeel2023-001-1024x748.jpeg\" alt=\"\" class=\"wp-image-20702\" width=\"512\" height=\"374\" srcset=\"https:\/\/fotokreis-siegen.de\/wp-content\/uploads\/2023\/01\/HausSeel2023-001-1024x748.jpeg 1024w, https:\/\/fotokreis-siegen.de\/wp-content\/uploads\/2023\/01\/HausSeel2023-001-300x219.jpeg 300w, https:\/\/fotokreis-siegen.de\/wp-content\/uploads\/2023\/01\/HausSeel2023-001-768x561.jpeg 768w, https:\/\/fotokreis-siegen.de\/wp-content\/uploads\/2023\/01\/HausSeel2023-001-1536x1122.jpeg 1536w, https:\/\/fotokreis-siegen.de\/wp-content\/uploads\/2023\/01\/HausSeel2023-001-830x606.jpeg 830w, https:\/\/fotokreis-siegen.de\/wp-content\/uploads\/2023\/01\/HausSeel2023-001-230x168.jpeg 230w, https:\/\/fotokreis-siegen.de\/wp-content\/uploads\/2023\/01\/HausSeel2023-001-350x256.jpeg 350w, https:\/\/fotokreis-siegen.de\/wp-content\/uploads\/2023\/01\/HausSeel2023-001-480x351.jpeg 480w, https:\/\/fotokreis-siegen.de\/wp-content\/uploads\/2023\/01\/HausSeel2023-001.jpeg 1920w\" sizes=\"(max-width: 512px) 100vw, 512px\" \/><figcaption class=\"wp-element-caption\">Mitgliederausstellung im Haus Seel<\/figcaption><\/figure>\n\n\n\n<p>Ein herzliches Dank an alle Besucher des Abends, aber nat\u00fcrlich auch an alle Helfern aus dem Fotokreis, die den Abend m\u00f6glich gemacht haben.<\/p>\n\n\n\n<p>Beide Ansprachen k\u00f6nnen auf YouTube mit den folgenden Links aufgerufen werden:<br><a href=\"https:\/\/www.youtube.com\/watch?v=2MGAxFc9gjk\">Ansprache von Angelika Jung (stellv. 1. B\u00fcrgermeisterin der Stadt Siegen)<\/a><br><a href=\"https:\/\/www.youtube.com\/watch?v=3cSVUOv9dW4\">Ansprache von Christian Scheerer (Fotokreis Siegen)<\/a><\/p>\n\n\n\n<p><em>Rechtlicher Hinweis: Mit der Auswahl der beiden Links verlassen Sie die Website des Fotokreises und besuchen die Website YouTube.<\/em><\/p>\n","protected":false},"excerpt":{"rendered":"<p>Mit gesch\u00e4tzt \u00fcber 80 Besuchern war die diesj\u00e4hrige Er\u00f6ffnung der Jahresausstellung in der St\u00e4dtischen Galerie \u201eHaus Seel\u201c, trotz widrigen Winterwetters, ein voller [&hellip;]<\/p>\n","protected":false},"author":2,"featured_media":0,"comment_status":"closed","ping_status":"open","sticky":false,"template":"","format":"standard","meta":{"_jetpack_memberships_contains_paid_content":false,"footnotes":""},"categories":[15,16,14],"tags":[],"class_list":["post-20696","post","type-post","status-publish","format-standard","hentry","category-ausstellung","category-veranstaltungen","category-verein"],"jetpack_featured_media_url":"","jetpack_sharing_enabled":true,"_links":{"self":[{"href":"https:\/\/fotokreis-siegen.de\/index.php?rest_route=\/wp\/v2\/posts\/20696","targetHints":{"allow":["GET"]}}],"collection":[{"href":"https:\/\/fotokreis-siegen.de\/index.php?rest_route=\/wp\/v2\/posts"}],"about":[{"href":"https:\/\/fotokreis-siegen.de\/index.php?rest_route=\/wp\/v2\/types\/post"}],"author":[{"embeddable":true,"href":"https:\/\/fotokreis-siegen.de\/index.php?rest_route=\/wp\/v2\/users\/2"}],"replies":[{"embeddable":true,"href":"https:\/\/fotokreis-siegen.de\/index.php?rest_route=%2Fwp%2Fv2%2Fcomments&post=20696"}],"version-history":[{"count":7,"href":"https:\/\/fotokreis-siegen.de\/index.php?rest_route=\/wp\/v2\/posts\/20696\/revisions"}],"predecessor-version":[{"id":20707,"href":"https:\/\/fotokreis-siegen.de\/index.php?rest_route=\/wp\/v2\/posts\/20696\/revisions\/20707"}],"wp:attachment":[{"href":"https:\/\/fotokreis-siegen.de\/index.php?rest_route=%2Fwp%2Fv2%2Fmedia&parent=20696"}],"wp:term":[{"taxonomy":"category","embeddable":true,"href":"https:\/\/fotokreis-siegen.de\/index.php?rest_route=%2Fwp%2Fv2%2Fcategories&post=20696"},{"taxonomy":"post_tag","embeddable":true,"href":"https:\/\/fotokreis-siegen.de\/index.php?rest_route=%2Fwp%2Fv2%2Ftags&post=20696"}],"curies":[{"name":"wp","href":"https:\/\/api.w.org\/{rel}","templated":true}]}}