{"id":20660,"date":"2023-01-15T17:50:47","date_gmt":"2023-01-15T17:50:47","guid":{"rendered":"https:\/\/fotokreis-siegen.de\/?p=20660"},"modified":"2023-04-17T20:36:37","modified_gmt":"2023-04-17T20:36:37","slug":"bdm-color-vom-13-januar","status":"publish","type":"post","link":"https:\/\/fotokreis-siegen.de\/?p=20660","title":{"rendered":"BdM Color vom 13. Januar"},"content":{"rendered":"\n<figure class=\"wp-block-image aligncenter size-large is-resized\"><img fetchpriority=\"high\" decoding=\"async\" src=\"http:\/\/fotokreis-siegen.de\/wp-content\/uploads\/2023\/01\/20230113-01-1024x754.jpg\" alt=\"\" class=\"wp-image-20652\" width=\"768\" height=\"566\" srcset=\"https:\/\/fotokreis-siegen.de\/wp-content\/uploads\/2023\/01\/20230113-01-1024x754.jpg 1024w, https:\/\/fotokreis-siegen.de\/wp-content\/uploads\/2023\/01\/20230113-01-300x221.jpg 300w, https:\/\/fotokreis-siegen.de\/wp-content\/uploads\/2023\/01\/20230113-01-768x566.jpg 768w, https:\/\/fotokreis-siegen.de\/wp-content\/uploads\/2023\/01\/20230113-01-830x611.jpg 830w, https:\/\/fotokreis-siegen.de\/wp-content\/uploads\/2023\/01\/20230113-01-230x169.jpg 230w, https:\/\/fotokreis-siegen.de\/wp-content\/uploads\/2023\/01\/20230113-01-350x258.jpg 350w, https:\/\/fotokreis-siegen.de\/wp-content\/uploads\/2023\/01\/20230113-01-480x354.jpg 480w, https:\/\/fotokreis-siegen.de\/wp-content\/uploads\/2023\/01\/20230113-01.jpg 1466w\" sizes=\"(max-width: 768px) 100vw, 768px\" \/><figcaption class=\"wp-element-caption\">Kruno Schmidt (EFIAP) &#8211; Mond \u00fcber den Bergen<\/figcaption><\/figure>\n\n\n\n<p>Am 13. Januar fand unseren BdM Color als Pr\u00e4senzveranstaltung in unseren Vereinr\u00e4umen statt. An dem Abend haben neun Mitglieder in unseren Clubraum teilgenommen und am Wettbewerb haben sich f\u00fcnf der anwesenden Mitglieder mit ihren Papierbeitr\u00e4gen beteiligt. Abgestimmt haben alle neun anwesenden Mitglieder. Das recht hohe Niveau dere gezeigten Bilder spiegelte sich auch in den Bewertungen wieder. Sieger des Wettbewerbs wurde der Beitrag von Kruno Schmidt mit dem Titel \u201eMond \u00fcber den Bergen\u201c. Herzlichen Gl\u00fcckwunsch!<\/p>\n\n\n\n<p>F\u00fcr den kommenden Wettbewerb (BdM Thema \u201eB\u00e4ume\u201c), der als Online BdM am 20. Januar stattfindet, werden alle Mitglieder per Rundmail informiert. Bei den Online BdM Einsendungen aber vor allem auch den Abstimmungen k\u00f6nnen selbstverst\u00e4ndlich alle unsere Mitglieder mitmachen.<\/p>\n","protected":false},"excerpt":{"rendered":"<p>Am 13. Januar fand unseren BdM Color als Pr\u00e4senzveranstaltung in unseren Vereinr\u00e4umen statt. An dem Abend haben neun Mitglieder in unseren Clubraum [&hellip;]<\/p>\n","protected":false},"author":2,"featured_media":0,"comment_status":"closed","ping_status":"open","sticky":false,"template":"","format":"standard","meta":{"_jetpack_memberships_contains_paid_content":false,"footnotes":""},"categories":[10,3],"tags":[],"class_list":["post-20660","post","type-post","status-publish","format-standard","hentry","category-bdm-color","category-bild-des-monats"],"jetpack_featured_media_url":"","jetpack_sharing_enabled":true,"_links":{"self":[{"href":"https:\/\/fotokreis-siegen.de\/index.php?rest_route=\/wp\/v2\/posts\/20660","targetHints":{"allow":["GET"]}}],"collection":[{"href":"https:\/\/fotokreis-siegen.de\/index.php?rest_route=\/wp\/v2\/posts"}],"about":[{"href":"https:\/\/fotokreis-siegen.de\/index.php?rest_route=\/wp\/v2\/types\/post"}],"author":[{"embeddable":true,"href":"https:\/\/fotokreis-siegen.de\/index.php?rest_route=\/wp\/v2\/users\/2"}],"replies":[{"embeddable":true,"href":"https:\/\/fotokreis-siegen.de\/index.php?rest_route=%2Fwp%2Fv2%2Fcomments&post=20660"}],"version-history":[{"count":4,"href":"https:\/\/fotokreis-siegen.de\/index.php?rest_route=\/wp\/v2\/posts\/20660\/revisions"}],"predecessor-version":[{"id":21036,"href":"https:\/\/fotokreis-siegen.de\/index.php?rest_route=\/wp\/v2\/posts\/20660\/revisions\/21036"}],"wp:attachment":[{"href":"https:\/\/fotokreis-siegen.de\/index.php?rest_route=%2Fwp%2Fv2%2Fmedia&parent=20660"}],"wp:term":[{"taxonomy":"category","embeddable":true,"href":"https:\/\/fotokreis-siegen.de\/index.php?rest_route=%2Fwp%2Fv2%2Fcategories&post=20660"},{"taxonomy":"post_tag","embeddable":true,"href":"https:\/\/fotokreis-siegen.de\/index.php?rest_route=%2Fwp%2Fv2%2Ftags&post=20660"}],"curies":[{"name":"wp","href":"https:\/\/api.w.org\/{rel}","templated":true}]}}