{"id":20648,"date":"2023-01-08T15:32:14","date_gmt":"2023-01-08T15:32:14","guid":{"rendered":"https:\/\/fotokreis-siegen.de\/?p=20648"},"modified":"2023-01-08T15:32:15","modified_gmt":"2023-01-08T15:32:15","slug":"bdm-projektion-online-vom-6-januar","status":"publish","type":"post","link":"https:\/\/fotokreis-siegen.de\/?p=20648","title":{"rendered":"BdM Projektion (Online) vom 6. Januar"},"content":{"rendered":"\n<figure class=\"wp-block-image aligncenter size-large is-resized\"><img fetchpriority=\"high\" decoding=\"async\" src=\"http:\/\/fotokreis-siegen.de\/wp-content\/uploads\/2023\/01\/20230106-09-1024x683.jpg\" alt=\"\" class=\"wp-image-20630\" width=\"768\" height=\"512\" srcset=\"https:\/\/fotokreis-siegen.de\/wp-content\/uploads\/2023\/01\/20230106-09-1024x683.jpg 1024w, https:\/\/fotokreis-siegen.de\/wp-content\/uploads\/2023\/01\/20230106-09-300x200.jpg 300w, https:\/\/fotokreis-siegen.de\/wp-content\/uploads\/2023\/01\/20230106-09-768x512.jpg 768w, https:\/\/fotokreis-siegen.de\/wp-content\/uploads\/2023\/01\/20230106-09-1536x1024.jpg 1536w, https:\/\/fotokreis-siegen.de\/wp-content\/uploads\/2023\/01\/20230106-09-830x553.jpg 830w, https:\/\/fotokreis-siegen.de\/wp-content\/uploads\/2023\/01\/20230106-09-230x153.jpg 230w, https:\/\/fotokreis-siegen.de\/wp-content\/uploads\/2023\/01\/20230106-09-350x233.jpg 350w, https:\/\/fotokreis-siegen.de\/wp-content\/uploads\/2023\/01\/20230106-09-480x320.jpg 480w, https:\/\/fotokreis-siegen.de\/wp-content\/uploads\/2023\/01\/20230106-09.jpg 1620w\" sizes=\"(max-width: 768px) 100vw, 768px\" \/><figcaption class=\"wp-element-caption\">Kruno Schmidt (EFIAP) &#8211; Altstadtbummel in Quedlinburg<\/figcaption><\/figure>\n\n\n\n<p>Am 6. Januar haben wir den ersten BdM-Wettbewerb des Jahres 2023, BdM Projektion, als Online BdM durchgef\u00fchrt. Es nahmen zw\u00f6lf Mitglieder mit ihren Bildern an dem Wettbewerb teil. Abgestimmt haben nur acht Mitglieder. Am Abend des 6. Januar wurde dann eine Videokonferenz mit zw\u00f6lf Mitgliedern abgehalten und die Ergebnisse besprochen. Zum ersten mal in der letzten Jahren und gar Jahrzehnten hat es einen punktgleichen ersten als auch achten Platz beim BdM Wettbewerb gegeben. Sieger des Wettbewerbs wurde Kruno Schmidt punktgleich, jedoch mit einer geringeren Standardabweichung als der ebenfalls erstplatzierte Bildbeitrag von Uwe Schmidt, mit dem Beitrag \u201eAltstadtbummel in Quedlinburg\u201c. Herzlichen Gl\u00fcckwunsch!\u00a0<\/p>\n\n\n\n<p>Der n\u00e4chste Papier-Wettbewerb (BdM Color) findet wieder als Pr\u00e4senzveranstaltung in unserem Vereinsraum statt. Dazu sind alle Mitglieder f\u00fcr den kommenden Freitag um 20 Uhr sehr herzlich eingeladen. Zu beachten sind nat\u00fcrlich die aktuellen Corona Hygieneregeln.<\/p>\n","protected":false},"excerpt":{"rendered":"<p>Am 6. Januar haben wir den ersten BdM-Wettbewerb des Jahres 2023, BdM Projektion, als Online BdM durchgef\u00fchrt. Es nahmen zw\u00f6lf Mitglieder mit [&hellip;]<\/p>\n","protected":false},"author":2,"featured_media":0,"comment_status":"closed","ping_status":"open","sticky":false,"template":"","format":"standard","meta":{"_jetpack_memberships_contains_paid_content":false,"footnotes":""},"categories":[17,3,26],"tags":[],"class_list":["post-20648","post","type-post","status-publish","format-standard","hentry","category-bdm-projektion","category-bild-des-monats","category-online-bdm"],"jetpack_featured_media_url":"","jetpack_sharing_enabled":true,"_links":{"self":[{"href":"https:\/\/fotokreis-siegen.de\/index.php?rest_route=\/wp\/v2\/posts\/20648","targetHints":{"allow":["GET"]}}],"collection":[{"href":"https:\/\/fotokreis-siegen.de\/index.php?rest_route=\/wp\/v2\/posts"}],"about":[{"href":"https:\/\/fotokreis-siegen.de\/index.php?rest_route=\/wp\/v2\/types\/post"}],"author":[{"embeddable":true,"href":"https:\/\/fotokreis-siegen.de\/index.php?rest_route=\/wp\/v2\/users\/2"}],"replies":[{"embeddable":true,"href":"https:\/\/fotokreis-siegen.de\/index.php?rest_route=%2Fwp%2Fv2%2Fcomments&post=20648"}],"version-history":[{"count":3,"href":"https:\/\/fotokreis-siegen.de\/index.php?rest_route=\/wp\/v2\/posts\/20648\/revisions"}],"predecessor-version":[{"id":20651,"href":"https:\/\/fotokreis-siegen.de\/index.php?rest_route=\/wp\/v2\/posts\/20648\/revisions\/20651"}],"wp:attachment":[{"href":"https:\/\/fotokreis-siegen.de\/index.php?rest_route=%2Fwp%2Fv2%2Fmedia&parent=20648"}],"wp:term":[{"taxonomy":"category","embeddable":true,"href":"https:\/\/fotokreis-siegen.de\/index.php?rest_route=%2Fwp%2Fv2%2Fcategories&post=20648"},{"taxonomy":"post_tag","embeddable":true,"href":"https:\/\/fotokreis-siegen.de\/index.php?rest_route=%2Fwp%2Fv2%2Ftags&post=20648"}],"curies":[{"name":"wp","href":"https:\/\/api.w.org\/{rel}","templated":true}]}}