{"id":20534,"date":"2022-11-22T19:39:31","date_gmt":"2022-11-22T19:39:31","guid":{"rendered":"https:\/\/fotokreis-siegen.de\/?p=20534"},"modified":"2022-11-22T19:39:33","modified_gmt":"2022-11-22T19:39:33","slug":"bdm-thema-herbstfarben-online-vom-18-november","status":"publish","type":"post","link":"https:\/\/fotokreis-siegen.de\/?p=20534","title":{"rendered":"BdM Thema \u201eHerbstfarben\u201c (Online) vom 18. November"},"content":{"rendered":"\n<figure class=\"wp-block-image aligncenter size-large is-resized\"><img fetchpriority=\"high\" decoding=\"async\" src=\"http:\/\/fotokreis-siegen.de\/wp-content\/uploads\/2022\/11\/20221118-10-1024x623.jpg\" alt=\"\" class=\"wp-image-20498\" width=\"768\" height=\"467\" srcset=\"https:\/\/fotokreis-siegen.de\/wp-content\/uploads\/2022\/11\/20221118-10-1024x623.jpg 1024w, https:\/\/fotokreis-siegen.de\/wp-content\/uploads\/2022\/11\/20221118-10-300x183.jpg 300w, https:\/\/fotokreis-siegen.de\/wp-content\/uploads\/2022\/11\/20221118-10-768x467.jpg 768w, https:\/\/fotokreis-siegen.de\/wp-content\/uploads\/2022\/11\/20221118-10-1536x935.jpg 1536w, https:\/\/fotokreis-siegen.de\/wp-content\/uploads\/2022\/11\/20221118-10-830x505.jpg 830w, https:\/\/fotokreis-siegen.de\/wp-content\/uploads\/2022\/11\/20221118-10-230x140.jpg 230w, https:\/\/fotokreis-siegen.de\/wp-content\/uploads\/2022\/11\/20221118-10-350x213.jpg 350w, https:\/\/fotokreis-siegen.de\/wp-content\/uploads\/2022\/11\/20221118-10-480x292.jpg 480w, https:\/\/fotokreis-siegen.de\/wp-content\/uploads\/2022\/11\/20221118-10.jpg 1775w\" sizes=\"(max-width: 768px) 100vw, 768px\" \/><figcaption class=\"wp-element-caption\">Kruno Schmidt (EFIAP) &#8211; Abgestellt f\u00fcr immer<\/figcaption><\/figure>\n\n\n\n<p>Am 18. November haben wir unseren BdM Thema \u201eIm Regen\u201c als Online BdM durchgef\u00fchrt. Mit dreizehn Bildbeitr\u00e4gen, war die Beteiligung f\u00fcr ein Themen BdM sehr gut. Abgestimmt haben dreizehn Mitglieder. Am Abend des 18. November wurde dann noch eine Videokonferenz abgehalten, an der immerhin zehn Mitglieder teilnahmen, und die Ergebnisse besprochen. Wie immer bei Themenwettbewerben, gab es reichlich Gespr\u00e4chsstoff \u00fcber die Interpretation des vorgegebenen Themas. Sieger des Wettbewerbs wurde Kruno Schmidt mit dem Beitrag \u201eAbgestellt f\u00fcr immer\u201c. Herzlichen Gl\u00fcckwunsch!<\/p>\n\n\n\n<p>F\u00fcr den n\u00e4chsten Wettbewerb (BdM SchwarzWeiss), der am 25. November stattfindet und wieder als Online BdM abgehalten wird (wegen Baustelle), werden wieder alle Mitglieder per Rundmail informiert. Bei den Online BdM Einsendungen aber vor allem auch den Abstimmungen k\u00f6nnen selbstverst\u00e4ndlich alle unsere Mitglieder mitmachen.<\/p>\n","protected":false},"excerpt":{"rendered":"<p>Am 18. November haben wir unseren BdM Thema \u201eIm Regen\u201c als Online BdM durchgef\u00fchrt. Mit dreizehn Bildbeitr\u00e4gen, war die Beteiligung f\u00fcr ein [&hellip;]<\/p>\n","protected":false},"author":2,"featured_media":0,"comment_status":"closed","ping_status":"open","sticky":false,"template":"","format":"standard","meta":{"_jetpack_memberships_contains_paid_content":false,"footnotes":""},"categories":[12,3],"tags":[],"class_list":["post-20534","post","type-post","status-publish","format-standard","hentry","category-bdm-thema","category-bild-des-monats"],"jetpack_featured_media_url":"","jetpack_sharing_enabled":true,"_links":{"self":[{"href":"https:\/\/fotokreis-siegen.de\/index.php?rest_route=\/wp\/v2\/posts\/20534","targetHints":{"allow":["GET"]}}],"collection":[{"href":"https:\/\/fotokreis-siegen.de\/index.php?rest_route=\/wp\/v2\/posts"}],"about":[{"href":"https:\/\/fotokreis-siegen.de\/index.php?rest_route=\/wp\/v2\/types\/post"}],"author":[{"embeddable":true,"href":"https:\/\/fotokreis-siegen.de\/index.php?rest_route=\/wp\/v2\/users\/2"}],"replies":[{"embeddable":true,"href":"https:\/\/fotokreis-siegen.de\/index.php?rest_route=%2Fwp%2Fv2%2Fcomments&post=20534"}],"version-history":[{"count":3,"href":"https:\/\/fotokreis-siegen.de\/index.php?rest_route=\/wp\/v2\/posts\/20534\/revisions"}],"predecessor-version":[{"id":20537,"href":"https:\/\/fotokreis-siegen.de\/index.php?rest_route=\/wp\/v2\/posts\/20534\/revisions\/20537"}],"wp:attachment":[{"href":"https:\/\/fotokreis-siegen.de\/index.php?rest_route=%2Fwp%2Fv2%2Fmedia&parent=20534"}],"wp:term":[{"taxonomy":"category","embeddable":true,"href":"https:\/\/fotokreis-siegen.de\/index.php?rest_route=%2Fwp%2Fv2%2Fcategories&post=20534"},{"taxonomy":"post_tag","embeddable":true,"href":"https:\/\/fotokreis-siegen.de\/index.php?rest_route=%2Fwp%2Fv2%2Ftags&post=20534"}],"curies":[{"name":"wp","href":"https:\/\/api.w.org\/{rel}","templated":true}]}}