{"id":20191,"date":"2022-09-21T19:07:29","date_gmt":"2022-09-21T19:07:29","guid":{"rendered":"https:\/\/fotokreis-siegen.de\/?p=20191"},"modified":"2022-09-29T15:05:37","modified_gmt":"2022-09-29T15:05:37","slug":"bdm-thema-im-regen-vom-16-september","status":"publish","type":"post","link":"https:\/\/fotokreis-siegen.de\/?p=20191","title":{"rendered":"BdM Thema \u201eIm Regen\u201c vom 16. September"},"content":{"rendered":"\n<figure class=\"wp-block-image aligncenter size-large is-resized\"><img fetchpriority=\"high\" decoding=\"async\" src=\"http:\/\/fotokreis-siegen.de\/wp-content\/uploads\/2022\/09\/20220916-10-1024x1024.jpg\" alt=\"\" class=\"wp-image-20166\" width=\"768\" height=\"768\" srcset=\"https:\/\/fotokreis-siegen.de\/wp-content\/uploads\/2022\/09\/20220916-10-1024x1024.jpg 1024w, https:\/\/fotokreis-siegen.de\/wp-content\/uploads\/2022\/09\/20220916-10-300x300.jpg 300w, https:\/\/fotokreis-siegen.de\/wp-content\/uploads\/2022\/09\/20220916-10-150x150.jpg 150w, https:\/\/fotokreis-siegen.de\/wp-content\/uploads\/2022\/09\/20220916-10-768x768.jpg 768w, https:\/\/fotokreis-siegen.de\/wp-content\/uploads\/2022\/09\/20220916-10-830x830.jpg 830w, https:\/\/fotokreis-siegen.de\/wp-content\/uploads\/2022\/09\/20220916-10-230x230.jpg 230w, https:\/\/fotokreis-siegen.de\/wp-content\/uploads\/2022\/09\/20220916-10-350x350.jpg 350w, https:\/\/fotokreis-siegen.de\/wp-content\/uploads\/2022\/09\/20220916-10-480x480.jpg 480w, https:\/\/fotokreis-siegen.de\/wp-content\/uploads\/2022\/09\/20220916-10.jpg 1080w\" sizes=\"(max-width: 768px) 100vw, 768px\" \/><figcaption>Kruno Schmidt (EFIAP) &#8211;\u00a0An einem Regentag<\/figcaption><\/figure>\n\n\n\n<p>Am 16. September haben wir unseren BdM Thema \u201eIm Regen\u201c als Online BdM durchgef\u00fchrt. Mit elf Bildbeitr\u00e4gen, war die Beteiligung f\u00fcr ein Themen BdM sehr gut. Abgestimmt haben elf Mitglieder. Am Abend des 16. September wurde dann noch eine Videokonferenz abgehalten, an der immerhin neun Mitglieder teilnahmen, und die Ergebnisse besprochen. Wie immer bei Themenwettbewerben, gab es reichlich Gespr\u00e4chsstoff \u00fcber die Interpretation des vorgegebenen Themas. Sieger des Wettbewerbs wurde Kruno Schmidt mit dem Beitrag \u201eAn einem Regentag\u201c. Herzlichen Gl\u00fcckwunsch!<\/p>\n\n\n\n<p>F\u00fcr den n\u00e4chsten Wettbewerb (BdM SchwarzWeiss), der am 23. September stattfindet und wieder als Online BdM abgehalten wird (wegen Baustelle), werden wieder alle Mitglieder per Rundmail informiert. Bei den Online BdM Einsendungen aber vor allem auch den Abstimmungen k\u00f6nnen selbstverst\u00e4ndlich alle unsere Mitglieder mitmachen.<\/p>\n","protected":false},"excerpt":{"rendered":"<p>Am 16. September haben wir unseren BdM Thema \u201eIm Regen\u201c als Online BdM durchgef\u00fchrt. Mit elf Bildbeitr\u00e4gen, war die Beteiligung f\u00fcr ein [&hellip;]<\/p>\n","protected":false},"author":2,"featured_media":0,"comment_status":"closed","ping_status":"open","sticky":false,"template":"","format":"standard","meta":{"_jetpack_memberships_contains_paid_content":false,"footnotes":""},"categories":[12,3,26],"tags":[],"class_list":["post-20191","post","type-post","status-publish","format-standard","hentry","category-bdm-thema","category-bild-des-monats","category-online-bdm"],"jetpack_featured_media_url":"","jetpack_sharing_enabled":true,"_links":{"self":[{"href":"https:\/\/fotokreis-siegen.de\/index.php?rest_route=\/wp\/v2\/posts\/20191","targetHints":{"allow":["GET"]}}],"collection":[{"href":"https:\/\/fotokreis-siegen.de\/index.php?rest_route=\/wp\/v2\/posts"}],"about":[{"href":"https:\/\/fotokreis-siegen.de\/index.php?rest_route=\/wp\/v2\/types\/post"}],"author":[{"embeddable":true,"href":"https:\/\/fotokreis-siegen.de\/index.php?rest_route=\/wp\/v2\/users\/2"}],"replies":[{"embeddable":true,"href":"https:\/\/fotokreis-siegen.de\/index.php?rest_route=%2Fwp%2Fv2%2Fcomments&post=20191"}],"version-history":[{"count":6,"href":"https:\/\/fotokreis-siegen.de\/index.php?rest_route=\/wp\/v2\/posts\/20191\/revisions"}],"predecessor-version":[{"id":20226,"href":"https:\/\/fotokreis-siegen.de\/index.php?rest_route=\/wp\/v2\/posts\/20191\/revisions\/20226"}],"wp:attachment":[{"href":"https:\/\/fotokreis-siegen.de\/index.php?rest_route=%2Fwp%2Fv2%2Fmedia&parent=20191"}],"wp:term":[{"taxonomy":"category","embeddable":true,"href":"https:\/\/fotokreis-siegen.de\/index.php?rest_route=%2Fwp%2Fv2%2Fcategories&post=20191"},{"taxonomy":"post_tag","embeddable":true,"href":"https:\/\/fotokreis-siegen.de\/index.php?rest_route=%2Fwp%2Fv2%2Ftags&post=20191"}],"curies":[{"name":"wp","href":"https:\/\/api.w.org\/{rel}","templated":true}]}}