{"id":20070,"date":"2022-08-22T18:38:41","date_gmt":"2022-08-22T18:38:41","guid":{"rendered":"https:\/\/fotokreis-siegen.de\/?p=20070"},"modified":"2022-08-22T18:38:42","modified_gmt":"2022-08-22T18:38:42","slug":"bdm-thema-spiegelungen-online-vom-19-august","status":"publish","type":"post","link":"https:\/\/fotokreis-siegen.de\/?p=20070","title":{"rendered":"BdM Thema \u201eSpiegelung(en)\u201c (Online) vom 19. August"},"content":{"rendered":"\n<figure class=\"wp-block-image aligncenter size-large is-resized\"><img fetchpriority=\"high\" decoding=\"async\" src=\"http:\/\/fotokreis-siegen.de\/wp-content\/uploads\/2022\/08\/20220819-04-1024x576.jpg\" alt=\"\" class=\"wp-image-20045\" width=\"768\" height=\"432\" srcset=\"https:\/\/fotokreis-siegen.de\/wp-content\/uploads\/2022\/08\/20220819-04-1024x576.jpg 1024w, https:\/\/fotokreis-siegen.de\/wp-content\/uploads\/2022\/08\/20220819-04-300x169.jpg 300w, https:\/\/fotokreis-siegen.de\/wp-content\/uploads\/2022\/08\/20220819-04-768x432.jpg 768w, https:\/\/fotokreis-siegen.de\/wp-content\/uploads\/2022\/08\/20220819-04-1536x864.jpg 1536w, https:\/\/fotokreis-siegen.de\/wp-content\/uploads\/2022\/08\/20220819-04-830x467.jpg 830w, https:\/\/fotokreis-siegen.de\/wp-content\/uploads\/2022\/08\/20220819-04-230x129.jpg 230w, https:\/\/fotokreis-siegen.de\/wp-content\/uploads\/2022\/08\/20220819-04-350x197.jpg 350w, https:\/\/fotokreis-siegen.de\/wp-content\/uploads\/2022\/08\/20220819-04-480x270.jpg 480w, https:\/\/fotokreis-siegen.de\/wp-content\/uploads\/2022\/08\/20220819-04.jpg 1920w\" sizes=\"(max-width: 768px) 100vw, 768px\" \/><figcaption>Marc De Knuydt &#8211; Doppelung<\/figcaption><\/figure>\n\n\n\n<p>Am 19. August haben wir unseren BdM Thema \u201eSpiegelung(en)\u201c als Online BdM durchgef\u00fchrt. Mit dreizehn Bildbeitr\u00e4gen, war die Beteiligung f\u00fcr ein Themen BdM schon aussergew\u00f6hnlich gut. Abgestimmt haben zehn Mitglieder. Am Abend des 19. August wurde dann noch eine Videokonferenz abgehalten, an der leider nur sechs Mitglieder teilnahmen, und die Ergebnisse besprochen. Wie immer bei Themenwettbewerben, gab es reichlich Gespr\u00e4chsstoff \u00fcber die Interpretation des vorgegebenen Themas und bei so mach einem Werk gingen die Meinungen schon mal weit auseinander. Sieger des Wettbewerbs wurde Marc De Knuydt mit dem Beitrag \u201eDoppelung\u201c. Herzlichen Gl\u00fcckwunsch!<\/p>\n\n\n\n<p>F\u00fcr den n\u00e4chsten Wettbewerb (BdM SchwarzWeiss), der am 26. August stattfindet und wieder als Online BdM abgehalten wird (immer noch wegen der Baustelle), werden wieder alle Mitglieder per Rundmail informiert. Bei den Online BdM Einsendungen aber vor allem auch den Abstimmungen k\u00f6nnen selbstverst\u00e4ndlich alle unsere Mitglieder mitmachen.<\/p>\n","protected":false},"excerpt":{"rendered":"<p>Am 19. August haben wir unseren BdM Thema \u201eSpiegelung(en)\u201c als Online BdM durchgef\u00fchrt. Mit dreizehn Bildbeitr\u00e4gen, war die Beteiligung f\u00fcr ein Themen [&hellip;]<\/p>\n","protected":false},"author":2,"featured_media":0,"comment_status":"closed","ping_status":"open","sticky":false,"template":"","format":"standard","meta":{"_jetpack_memberships_contains_paid_content":false,"footnotes":""},"categories":[12,3,26],"tags":[],"class_list":["post-20070","post","type-post","status-publish","format-standard","hentry","category-bdm-thema","category-bild-des-monats","category-online-bdm"],"jetpack_featured_media_url":"","jetpack_sharing_enabled":true,"_links":{"self":[{"href":"https:\/\/fotokreis-siegen.de\/index.php?rest_route=\/wp\/v2\/posts\/20070","targetHints":{"allow":["GET"]}}],"collection":[{"href":"https:\/\/fotokreis-siegen.de\/index.php?rest_route=\/wp\/v2\/posts"}],"about":[{"href":"https:\/\/fotokreis-siegen.de\/index.php?rest_route=\/wp\/v2\/types\/post"}],"author":[{"embeddable":true,"href":"https:\/\/fotokreis-siegen.de\/index.php?rest_route=\/wp\/v2\/users\/2"}],"replies":[{"embeddable":true,"href":"https:\/\/fotokreis-siegen.de\/index.php?rest_route=%2Fwp%2Fv2%2Fcomments&post=20070"}],"version-history":[{"count":1,"href":"https:\/\/fotokreis-siegen.de\/index.php?rest_route=\/wp\/v2\/posts\/20070\/revisions"}],"predecessor-version":[{"id":20071,"href":"https:\/\/fotokreis-siegen.de\/index.php?rest_route=\/wp\/v2\/posts\/20070\/revisions\/20071"}],"wp:attachment":[{"href":"https:\/\/fotokreis-siegen.de\/index.php?rest_route=%2Fwp%2Fv2%2Fmedia&parent=20070"}],"wp:term":[{"taxonomy":"category","embeddable":true,"href":"https:\/\/fotokreis-siegen.de\/index.php?rest_route=%2Fwp%2Fv2%2Fcategories&post=20070"},{"taxonomy":"post_tag","embeddable":true,"href":"https:\/\/fotokreis-siegen.de\/index.php?rest_route=%2Fwp%2Fv2%2Ftags&post=20070"}],"curies":[{"name":"wp","href":"https:\/\/api.w.org\/{rel}","templated":true}]}}