{"id":19793,"date":"2022-06-14T18:57:36","date_gmt":"2022-06-14T18:57:36","guid":{"rendered":"https:\/\/fotokreis-siegen.de\/?p=19793"},"modified":"2022-06-14T18:57:37","modified_gmt":"2022-06-14T18:57:37","slug":"bdm-color-vom-10-juni","status":"publish","type":"post","link":"https:\/\/fotokreis-siegen.de\/?p=19793","title":{"rendered":"BdM Color vom 10. Juni"},"content":{"rendered":"\n<figure class=\"wp-block-image aligncenter size-large is-resized\"><img fetchpriority=\"high\" decoding=\"async\" src=\"http:\/\/fotokreis-siegen.de\/wp-content\/uploads\/2022\/06\/20220610_Papagei-605x1024.jpg\" alt=\"\" class=\"wp-image-19783\" width=\"454\" height=\"768\" srcset=\"https:\/\/fotokreis-siegen.de\/wp-content\/uploads\/2022\/06\/20220610_Papagei-605x1024.jpg 605w, https:\/\/fotokreis-siegen.de\/wp-content\/uploads\/2022\/06\/20220610_Papagei-177x300.jpg 177w, https:\/\/fotokreis-siegen.de\/wp-content\/uploads\/2022\/06\/20220610_Papagei-768x1300.jpg 768w, https:\/\/fotokreis-siegen.de\/wp-content\/uploads\/2022\/06\/20220610_Papagei-907x1536.jpg 907w, https:\/\/fotokreis-siegen.de\/wp-content\/uploads\/2022\/06\/20220610_Papagei-830x1405.jpg 830w, https:\/\/fotokreis-siegen.de\/wp-content\/uploads\/2022\/06\/20220610_Papagei-230x389.jpg 230w, https:\/\/fotokreis-siegen.de\/wp-content\/uploads\/2022\/06\/20220610_Papagei-350x592.jpg 350w, https:\/\/fotokreis-siegen.de\/wp-content\/uploads\/2022\/06\/20220610_Papagei-480x812.jpg 480w, https:\/\/fotokreis-siegen.de\/wp-content\/uploads\/2022\/06\/20220610_Papagei.jpg 1080w\" sizes=\"(max-width: 454px) 100vw, 454px\" \/><figcaption>Hermann Geppert &#8211; Papagei<\/figcaption><\/figure>\n\n\n\n<p>Am 10. Juni haben wir wieder unseren BdM Color als Pr\u00e4senzveranstaltung in unserem Clubraum durchgef\u00fchrt. Trotz etwas geringerer Beteiligung mit f\u00fcnf Bildwerken und sechs Mitgliedern an diesen Abend, wurde in geselliger Runde die Meinungen \u00fcber die pr\u00e4sentierten Werke ausgetauscht. Sieger des Wettbewerbs wurde Hermann Geppert mit dem Beitrag \u201ePapagei\u201c. Herzlichen Gl\u00fcckwunsch!<\/p>\n\n\n\n<p>F\u00fcr den n\u00e4chsten Wettbewerb (BdM SchwarzWeiss mit Papierbildern), der wieder als Pr\u00e4senzveranstaltung stattfindet, laden wir alle Mitglieder herzlich dazu ein. Das Treffen findet am Freitag, den 17. Juni um 20.00 Uhr in unserem Vereinsraum statt. Es gelten die aktuellen Corona-Regelungen f\u00fcr Versammlungen in Innenr\u00e4umen.<\/p>\n","protected":false},"excerpt":{"rendered":"<p>Am 10. Juni haben wir wieder unseren BdM Color als Pr\u00e4senzveranstaltung in unserem Clubraum durchgef\u00fchrt. Trotz etwas geringerer Beteiligung mit f\u00fcnf Bildwerken [&hellip;]<\/p>\n","protected":false},"author":2,"featured_media":0,"comment_status":"closed","ping_status":"open","sticky":false,"template":"","format":"standard","meta":{"_jetpack_memberships_contains_paid_content":false,"footnotes":""},"categories":[10,3],"tags":[],"class_list":["post-19793","post","type-post","status-publish","format-standard","hentry","category-bdm-color","category-bild-des-monats"],"jetpack_featured_media_url":"","jetpack_sharing_enabled":true,"_links":{"self":[{"href":"https:\/\/fotokreis-siegen.de\/index.php?rest_route=\/wp\/v2\/posts\/19793","targetHints":{"allow":["GET"]}}],"collection":[{"href":"https:\/\/fotokreis-siegen.de\/index.php?rest_route=\/wp\/v2\/posts"}],"about":[{"href":"https:\/\/fotokreis-siegen.de\/index.php?rest_route=\/wp\/v2\/types\/post"}],"author":[{"embeddable":true,"href":"https:\/\/fotokreis-siegen.de\/index.php?rest_route=\/wp\/v2\/users\/2"}],"replies":[{"embeddable":true,"href":"https:\/\/fotokreis-siegen.de\/index.php?rest_route=%2Fwp%2Fv2%2Fcomments&post=19793"}],"version-history":[{"count":2,"href":"https:\/\/fotokreis-siegen.de\/index.php?rest_route=\/wp\/v2\/posts\/19793\/revisions"}],"predecessor-version":[{"id":19795,"href":"https:\/\/fotokreis-siegen.de\/index.php?rest_route=\/wp\/v2\/posts\/19793\/revisions\/19795"}],"wp:attachment":[{"href":"https:\/\/fotokreis-siegen.de\/index.php?rest_route=%2Fwp%2Fv2%2Fmedia&parent=19793"}],"wp:term":[{"taxonomy":"category","embeddable":true,"href":"https:\/\/fotokreis-siegen.de\/index.php?rest_route=%2Fwp%2Fv2%2Fcategories&post=19793"},{"taxonomy":"post_tag","embeddable":true,"href":"https:\/\/fotokreis-siegen.de\/index.php?rest_route=%2Fwp%2Fv2%2Ftags&post=19793"}],"curies":[{"name":"wp","href":"https:\/\/api.w.org\/{rel}","templated":true}]}}