{"id":19448,"date":"2022-03-22T19:45:17","date_gmt":"2022-03-22T19:45:17","guid":{"rendered":"https:\/\/fotokreis-siegen.de\/?p=19448"},"modified":"2022-03-22T19:45:18","modified_gmt":"2022-03-22T19:45:18","slug":"bdm-color-online-vom-18-maerz","status":"publish","type":"post","link":"https:\/\/fotokreis-siegen.de\/?p=19448","title":{"rendered":"BdM Color (Online) vom 18. M\u00e4rz"},"content":{"rendered":"\n<div class=\"wp-block-image\"><figure class=\"aligncenter size-large is-resized\"><img fetchpriority=\"high\" decoding=\"async\" src=\"http:\/\/fotokreis-siegen.de\/wp-content\/uploads\/2022\/03\/20220318-12-1024x683.jpg\" alt=\"\" class=\"wp-image-19400\" width=\"768\" height=\"512\" srcset=\"https:\/\/fotokreis-siegen.de\/wp-content\/uploads\/2022\/03\/20220318-12-1024x683.jpg 1024w, https:\/\/fotokreis-siegen.de\/wp-content\/uploads\/2022\/03\/20220318-12-300x200.jpg 300w, https:\/\/fotokreis-siegen.de\/wp-content\/uploads\/2022\/03\/20220318-12-768x512.jpg 768w, https:\/\/fotokreis-siegen.de\/wp-content\/uploads\/2022\/03\/20220318-12-1536x1024.jpg 1536w, https:\/\/fotokreis-siegen.de\/wp-content\/uploads\/2022\/03\/20220318-12-830x553.jpg 830w, https:\/\/fotokreis-siegen.de\/wp-content\/uploads\/2022\/03\/20220318-12-230x153.jpg 230w, https:\/\/fotokreis-siegen.de\/wp-content\/uploads\/2022\/03\/20220318-12-350x233.jpg 350w, https:\/\/fotokreis-siegen.de\/wp-content\/uploads\/2022\/03\/20220318-12-480x320.jpg 480w, https:\/\/fotokreis-siegen.de\/wp-content\/uploads\/2022\/03\/20220318-12.jpg 1620w\" sizes=\"(max-width: 768px) 100vw, 768px\" \/><figcaption>Rainer Genehr &#8211; Eichelh\u00e4her<\/figcaption><\/figure><\/div>\n\n\n\n<p>Am 18. M\u00e4rz haben wir unseren BdM Color als Online BdM durchgef\u00fchrt. Es nahmen dreizehn Mitglieder mit ihren Bildwerken an dem Wettbewerb teil, was h\u00f6chst erfreulich war. Abgestimmt haben elf Mitglieder. Am Abend des 18. M\u00e4rz wurde dann noch eine Videokonferenz abgehalten an der dreizehn Mitglieder teilnahmen. Sieger des Wettbewerbs wurde Rainer Genehr mit dem Beitrag \u201eEichelh\u00e4her\u201c. Herzlichen Gl\u00fcckwunsch!<\/p>\n\n\n\n<p>F\u00fcr den n\u00e4chsten Wettbewerb (BdM SchwarzWeiss), der wieder als Online BdM stattfindet, werden wieder alle Mitglieder per Rundmail informiert. Bei den Online BdM Einsendungen aber vor allem auch den Abstimmungen k\u00f6nnen selbstverst\u00e4ndlich alle unsere Mitglieder mitmachen.<\/p>\n","protected":false},"excerpt":{"rendered":"<p>Am 18. M\u00e4rz haben wir unseren BdM Color als Online BdM durchgef\u00fchrt. Es nahmen dreizehn Mitglieder mit ihren Bildwerken an dem Wettbewerb [&hellip;]<\/p>\n","protected":false},"author":2,"featured_media":0,"comment_status":"closed","ping_status":"open","sticky":false,"template":"","format":"standard","meta":{"_jetpack_memberships_contains_paid_content":false,"footnotes":""},"categories":[10,3,26],"tags":[],"class_list":["post-19448","post","type-post","status-publish","format-standard","hentry","category-bdm-color","category-bild-des-monats","category-online-bdm"],"jetpack_featured_media_url":"","jetpack_sharing_enabled":true,"_links":{"self":[{"href":"https:\/\/fotokreis-siegen.de\/index.php?rest_route=\/wp\/v2\/posts\/19448","targetHints":{"allow":["GET"]}}],"collection":[{"href":"https:\/\/fotokreis-siegen.de\/index.php?rest_route=\/wp\/v2\/posts"}],"about":[{"href":"https:\/\/fotokreis-siegen.de\/index.php?rest_route=\/wp\/v2\/types\/post"}],"author":[{"embeddable":true,"href":"https:\/\/fotokreis-siegen.de\/index.php?rest_route=\/wp\/v2\/users\/2"}],"replies":[{"embeddable":true,"href":"https:\/\/fotokreis-siegen.de\/index.php?rest_route=%2Fwp%2Fv2%2Fcomments&post=19448"}],"version-history":[{"count":2,"href":"https:\/\/fotokreis-siegen.de\/index.php?rest_route=\/wp\/v2\/posts\/19448\/revisions"}],"predecessor-version":[{"id":19450,"href":"https:\/\/fotokreis-siegen.de\/index.php?rest_route=\/wp\/v2\/posts\/19448\/revisions\/19450"}],"wp:attachment":[{"href":"https:\/\/fotokreis-siegen.de\/index.php?rest_route=%2Fwp%2Fv2%2Fmedia&parent=19448"}],"wp:term":[{"taxonomy":"category","embeddable":true,"href":"https:\/\/fotokreis-siegen.de\/index.php?rest_route=%2Fwp%2Fv2%2Fcategories&post=19448"},{"taxonomy":"post_tag","embeddable":true,"href":"https:\/\/fotokreis-siegen.de\/index.php?rest_route=%2Fwp%2Fv2%2Ftags&post=19448"}],"curies":[{"name":"wp","href":"https:\/\/api.w.org\/{rel}","templated":true}]}}