{"id":19158,"date":"2022-01-23T20:47:51","date_gmt":"2022-01-23T20:47:51","guid":{"rendered":"https:\/\/fotokreis-siegen.de\/?p=19158"},"modified":"2022-01-23T20:47:53","modified_gmt":"2022-01-23T20:47:53","slug":"bdm-schwarzweiss-online-vom-21-januar","status":"publish","type":"post","link":"https:\/\/fotokreis-siegen.de\/?p=19158","title":{"rendered":"BdM SchwarzWeiss (Online) vom 21. Januar"},"content":{"rendered":"\n<div class=\"wp-block-image\"><figure class=\"aligncenter size-large is-resized\"><img fetchpriority=\"high\" decoding=\"async\" src=\"http:\/\/fotokreis-siegen.de\/wp-content\/uploads\/2022\/01\/20220121-04-1024x627.jpg\" alt=\"\" class=\"wp-image-19119\" width=\"768\" height=\"470\" srcset=\"https:\/\/fotokreis-siegen.de\/wp-content\/uploads\/2022\/01\/20220121-04-1024x627.jpg 1024w, https:\/\/fotokreis-siegen.de\/wp-content\/uploads\/2022\/01\/20220121-04-300x184.jpg 300w, https:\/\/fotokreis-siegen.de\/wp-content\/uploads\/2022\/01\/20220121-04-768x470.jpg 768w, https:\/\/fotokreis-siegen.de\/wp-content\/uploads\/2022\/01\/20220121-04-1536x940.jpg 1536w, https:\/\/fotokreis-siegen.de\/wp-content\/uploads\/2022\/01\/20220121-04-830x508.jpg 830w, https:\/\/fotokreis-siegen.de\/wp-content\/uploads\/2022\/01\/20220121-04-230x141.jpg 230w, https:\/\/fotokreis-siegen.de\/wp-content\/uploads\/2022\/01\/20220121-04-350x214.jpg 350w, https:\/\/fotokreis-siegen.de\/wp-content\/uploads\/2022\/01\/20220121-04-480x294.jpg 480w, https:\/\/fotokreis-siegen.de\/wp-content\/uploads\/2022\/01\/20220121-04.jpg 1764w\" sizes=\"(max-width: 768px) 100vw, 768px\" \/><figcaption>Rainer Genehr &#8211; Bergwelt im Berner Oberland<\/figcaption><\/figure><\/div>\n\n\n\n<p>Am 21. Januar haben wir unseren BdM SchwarzWeiss als Online BdM durchgef\u00fchrt. Die Beteiligung war mit zehn Mitglieder mit ihren Bildwerken an dem Wettbewerb gut, abgestimmt haben acht Mitglieder, was noch steigerungsf\u00e4hig ist. Am Abend des 21. Januar wurde dann noch eine Videokonferenz abgehalten, an der elf Mitglieder teilnahmen. Au\u00dferdem konnten wir an diesem Abend auch einen Gast in userer Runde begr\u00fc\u00dfen. <\/p>\n\n\n\n<p>Zuerst berichtete Kruno von der Ausstellung, die sehr gut angenommen wurde und gut besucht wird. Hoffen wir einmal, dass die Sonderveranstaltung am 3. Februar dem Ganzen noch ein wenig Schub gibt. Bei der Besprechung der Bildwerke wurde leidenschaftlich diskutiert und Standpunkte ausgetauscht. Au\u00dferdem hatten wir bei den Ergebnissen, was nicht oft oft vorkommt, zwei vierte und zwei erste Pl\u00e4tze. Nur eine bessere Rangeinigkeit f\u00fchrte dazu, dass der Beitrag \u201eBergwelt im Berner Oberland\u201c von Rainer Genehr als Sieger des Wettbewerbs gek\u00fcrt wurde. Knapp gewonnen ist aber auch gewonnen. Herzlichen Gl\u00fcckwunsch!<\/p>\n\n\n\n<p>F\u00fcr den kommenden Wettbewerb (BdM Thema \u201eSkulpturen\u201c), der wieder als Online BdM am 28. Januar stattfindet, werden alle Mitglieder per Rundmail informiert. Bei den Online BdM Einsendungen aber vor allem auch den Abstimmungen k\u00f6nnen selbstverst\u00e4ndlich alle unsere Mitglieder mitmachen.<\/p>\n","protected":false},"excerpt":{"rendered":"<p>Am 21. Januar haben wir unseren BdM SchwarzWeiss als Online BdM durchgef\u00fchrt. Die Beteiligung war mit zehn Mitglieder mit ihren Bildwerken an [&hellip;]<\/p>\n","protected":false},"author":2,"featured_media":0,"comment_status":"open","ping_status":"open","sticky":false,"template":"","format":"standard","meta":{"_jetpack_memberships_contains_paid_content":false,"footnotes":""},"categories":[11,3,26,16],"tags":[],"class_list":["post-19158","post","type-post","status-publish","format-standard","hentry","category-bdm-sw","category-bild-des-monats","category-online-bdm","category-veranstaltungen"],"jetpack_featured_media_url":"","jetpack_sharing_enabled":true,"_links":{"self":[{"href":"https:\/\/fotokreis-siegen.de\/index.php?rest_route=\/wp\/v2\/posts\/19158","targetHints":{"allow":["GET"]}}],"collection":[{"href":"https:\/\/fotokreis-siegen.de\/index.php?rest_route=\/wp\/v2\/posts"}],"about":[{"href":"https:\/\/fotokreis-siegen.de\/index.php?rest_route=\/wp\/v2\/types\/post"}],"author":[{"embeddable":true,"href":"https:\/\/fotokreis-siegen.de\/index.php?rest_route=\/wp\/v2\/users\/2"}],"replies":[{"embeddable":true,"href":"https:\/\/fotokreis-siegen.de\/index.php?rest_route=%2Fwp%2Fv2%2Fcomments&post=19158"}],"version-history":[{"count":3,"href":"https:\/\/fotokreis-siegen.de\/index.php?rest_route=\/wp\/v2\/posts\/19158\/revisions"}],"predecessor-version":[{"id":19161,"href":"https:\/\/fotokreis-siegen.de\/index.php?rest_route=\/wp\/v2\/posts\/19158\/revisions\/19161"}],"wp:attachment":[{"href":"https:\/\/fotokreis-siegen.de\/index.php?rest_route=%2Fwp%2Fv2%2Fmedia&parent=19158"}],"wp:term":[{"taxonomy":"category","embeddable":true,"href":"https:\/\/fotokreis-siegen.de\/index.php?rest_route=%2Fwp%2Fv2%2Fcategories&post=19158"},{"taxonomy":"post_tag","embeddable":true,"href":"https:\/\/fotokreis-siegen.de\/index.php?rest_route=%2Fwp%2Fv2%2Ftags&post=19158"}],"curies":[{"name":"wp","href":"https:\/\/api.w.org\/{rel}","templated":true}]}}